{"id":29512,"date":"2023-06-05T19:54:43","date_gmt":"2023-06-05T19:54:43","guid":{"rendered":"https:\/\/blogdorogeriogomes.com.br\/?p=29512"},"modified":"2023-06-06T12:47:11","modified_gmt":"2023-06-06T12:47:11","slug":"pesquisa-datafolha-aponta-avaliacao-do-governador-elmano-de-freitas-e-do-prefeito-de-fortaleza-jose-sarto","status":"publish","type":"post","link":"https:\/\/blogdorogeriogomes.com.br\/noticias\/2023\/06\/pesquisa-datafolha-aponta-avaliacao-do-governador-elmano-de-freitas-e-do-prefeito-de-fortaleza-jose-sarto\/","title":{"rendered":"Pesquisa Datafolha aponta avalia\u00e7\u00e3o do governador Elmano de Freitas e do prefeito de Fortaleza Jos\u00e9 Sarto"},"content":{"rendered":"\n<p>Pesquisa Datafolha, divulgada nesta segunda-feira, dia 5 de junho, apontou uma avalia\u00e7\u00e3o das administra\u00e7\u00f5es do governador Elmano de Freitas (PT) e do prefeito de Fortaleza, Jos\u00e9 Sarto (PDT).<\/p>\n\n\n\n<p>Confira os n\u00fameros :<\/p>\n\n\n\n<p>Avalia\u00e7\u00e3o<\/p>\n\n\n\n<p>Elmano de Freitas<br>Governador do Cear\u00e1<br>\u00d3timo\/Bom 30%<br>Regular 42%<br>Ruim\/P\u00e9ssimo 22%<\/p>\n\n\n\n<p>Jos\u00e9 Sarto<br>Prefeito de Fortaleza<br>\u00d3timo\/Bom 16%<br>Regular 42%<br>Ruim\/P\u00e9ssimo 39%<\/p>\n\n\n\n<p>Fonte: Datafolha<\/p>\n\n\n\n<figure class=\"wp-block-image size-full\"><img loading=\"lazy\" decoding=\"async\" width=\"739\" height=\"415\" src=\"https:\/\/blogdorogeriogomes.com.br\/wp-content\/uploads\/2023\/06\/images-25.jpeg\" alt=\"\" class=\"wp-image-29513\" srcset=\"https:\/\/blogdorogeriogomes.com.br\/noticias\/wp-content\/uploads\/2023\/06\/images-25.jpeg 739w, https:\/\/blogdorogeriogomes.com.br\/noticias\/wp-content\/uploads\/2023\/06\/images-25-300x168.jpeg 300w\" sizes=\"auto, (max-width: 739px) 100vw, 739px\" \/><\/figure>\n","protected":false},"excerpt":{"rendered":"<p>Pesquisa Datafolha, divulgada nesta segunda-feira, dia 5 de junho, apontou uma avalia\u00e7\u00e3o das administra\u00e7\u00f5es do governador Elmano de Freitas (PT) e do prefeito de Fortaleza, Jos\u00e9 Sarto (PDT). Confira os n\u00fameros : Avalia\u00e7\u00e3o Elmano de FreitasGovernador do Cear\u00e1\u00d3timo\/Bom 30%Regular 42%Ruim\/P\u00e9ssimo 22% Jos\u00e9 SartoPrefeito de Fortaleza\u00d3timo\/Bom 16%Regular 42%Ruim\/P\u00e9ssimo 39% Fonte: Datafolha<\/p>\n","protected":false},"author":1,"featured_media":29513,"comment_status":"open","ping_status":"open","sticky":false,"template":"","format":"standard","meta":{"footnotes":""},"categories":[1],"tags":[],"class_list":["post-29512","post","type-post","status-publish","format-standard","has-post-thumbnail","hentry","category-noticias"],"_links":{"self":[{"href":"https:\/\/blogdorogeriogomes.com.br\/noticias\/wp-json\/wp\/v2\/posts\/29512","targetHints":{"allow":["GET"]}}],"collection":[{"href":"https:\/\/blogdorogeriogomes.com.br\/noticias\/wp-json\/wp\/v2\/posts"}],"about":[{"href":"https:\/\/blogdorogeriogomes.com.br\/noticias\/wp-json\/wp\/v2\/types\/post"}],"author":[{"embeddable":true,"href":"https:\/\/blogdorogeriogomes.com.br\/noticias\/wp-json\/wp\/v2\/users\/1"}],"replies":[{"embeddable":true,"href":"https:\/\/blogdorogeriogomes.com.br\/noticias\/wp-json\/wp\/v2\/comments?post=29512"}],"version-history":[{"count":1,"href":"https:\/\/blogdorogeriogomes.com.br\/noticias\/wp-json\/wp\/v2\/posts\/29512\/revisions"}],"predecessor-version":[{"id":29514,"href":"https:\/\/blogdorogeriogomes.com.br\/noticias\/wp-json\/wp\/v2\/posts\/29512\/revisions\/29514"}],"wp:featuredmedia":[{"embeddable":true,"href":"https:\/\/blogdorogeriogomes.com.br\/noticias\/wp-json\/wp\/v2\/media\/29513"}],"wp:attachment":[{"href":"https:\/\/blogdorogeriogomes.com.br\/noticias\/wp-json\/wp\/v2\/media?parent=29512"}],"wp:term":[{"taxonomy":"category","embeddable":true,"href":"https:\/\/blogdorogeriogomes.com.br\/noticias\/wp-json\/wp\/v2\/categories?post=29512"},{"taxonomy":"post_tag","embeddable":true,"href":"https:\/\/blogdorogeriogomes.com.br\/noticias\/wp-json\/wp\/v2\/tags?post=29512"}],"curies":[{"name":"wp","href":"https:\/\/api.w.org\/{rel}","templated":true}]}}