{"id":29515,"date":"2023-06-05T22:18:04","date_gmt":"2023-06-05T22:18:04","guid":{"rendered":"https:\/\/blogdorogeriogomes.com.br\/?p=29515"},"modified":"2023-06-06T12:47:42","modified_gmt":"2023-06-06T12:47:42","slug":"assembleia-legislativa-e-band-fecham-parceria-para-exibicao-de-documentarios-da-tv-assembleia","status":"publish","type":"post","link":"https:\/\/blogdorogeriogomes.com.br\/noticias\/2023\/06\/assembleia-legislativa-e-band-fecham-parceria-para-exibicao-de-documentarios-da-tv-assembleia\/","title":{"rendered":"Assembleia Legislativa e Band fecham parceria para exibi\u00e7\u00e3o de document\u00e1rios da TV Assembleia"},"content":{"rendered":"\n<p>O presidente da Assembleia Legislativa do Estado do Cear\u00e1, Evandro Leit\u00e3o, foi recebido, nesta segunda-feira, dia 5 de junho, pelo diretor-geral da Band para os estados do Cear\u00e1, Piau\u00ed e Maranh\u00e3o, Carlo Bastos. O objetivo do encontro foi formalizar uma parceria entre a Band Cear\u00e1 e a Assembleia Legislativa para que o canal 20.1 passe a exibir os conte\u00fados produzidos pelo N\u00facleo de Document\u00e1rios da TV Assembleia.<\/p>\n\n\n\n<p>Na oportunidade, o presidente da Alece, Evandro Leit\u00e3o, foi o meu entrevistado para o programa Band Entrevista, que ir\u00e1 ao ar no dia 17 de junho (s\u00e1bado).<\/p>\n\n\n\n<figure class=\"wp-block-image size-full\"><img loading=\"lazy\" decoding=\"async\" width=\"1024\" height=\"768\" src=\"https:\/\/blogdorogeriogomes.com.br\/wp-content\/uploads\/2023\/06\/WhatsApp-Image-2023-06-05-at-13.40.50-1024x768-1.jpeg\" alt=\"\" class=\"wp-image-29516\" srcset=\"https:\/\/blogdorogeriogomes.com.br\/noticias\/wp-content\/uploads\/2023\/06\/WhatsApp-Image-2023-06-05-at-13.40.50-1024x768-1.jpeg 1024w, https:\/\/blogdorogeriogomes.com.br\/noticias\/wp-content\/uploads\/2023\/06\/WhatsApp-Image-2023-06-05-at-13.40.50-1024x768-1-300x225.jpeg 300w, https:\/\/blogdorogeriogomes.com.br\/noticias\/wp-content\/uploads\/2023\/06\/WhatsApp-Image-2023-06-05-at-13.40.50-1024x768-1-768x576.jpeg 768w, https:\/\/blogdorogeriogomes.com.br\/noticias\/wp-content\/uploads\/2023\/06\/WhatsApp-Image-2023-06-05-at-13.40.50-1024x768-1-800x600.jpeg 800w, https:\/\/blogdorogeriogomes.com.br\/noticias\/wp-content\/uploads\/2023\/06\/WhatsApp-Image-2023-06-05-at-13.40.50-1024x768-1-400x300.jpeg 400w\" sizes=\"auto, (max-width: 1024px) 100vw, 1024px\" \/><\/figure>\n","protected":false},"excerpt":{"rendered":"<p>O presidente da Assembleia Legislativa do Estado do Cear\u00e1, Evandro Leit\u00e3o, foi recebido, nesta segunda-feira, dia 5 de junho, pelo diretor-geral da Band para os estados do Cear\u00e1, Piau\u00ed e Maranh\u00e3o, Carlo Bastos. O objetivo do encontro foi formalizar uma parceria entre a Band Cear\u00e1 e a Assembleia Legislativa para que o canal 20.1 passe a exibir os conte\u00fados produzidos pelo N\u00facleo de Document\u00e1rios da TV Assembleia. Na oportunidade, o presidente da Alece, Evandro Leit\u00e3o, foi o meu entrevistado&hellip;<\/p>\n","protected":false},"author":1,"featured_media":29516,"comment_status":"open","ping_status":"open","sticky":false,"template":"","format":"standard","meta":{"footnotes":""},"categories":[1],"tags":[],"class_list":["post-29515","post","type-post","status-publish","format-standard","has-post-thumbnail","hentry","category-noticias"],"_links":{"self":[{"href":"https:\/\/blogdorogeriogomes.com.br\/noticias\/wp-json\/wp\/v2\/posts\/29515","targetHints":{"allow":["GET"]}}],"collection":[{"href":"https:\/\/blogdorogeriogomes.com.br\/noticias\/wp-json\/wp\/v2\/posts"}],"about":[{"href":"https:\/\/blogdorogeriogomes.com.br\/noticias\/wp-json\/wp\/v2\/types\/post"}],"author":[{"embeddable":true,"href":"https:\/\/blogdorogeriogomes.com.br\/noticias\/wp-json\/wp\/v2\/users\/1"}],"replies":[{"embeddable":true,"href":"https:\/\/blogdorogeriogomes.com.br\/noticias\/wp-json\/wp\/v2\/comments?post=29515"}],"version-history":[{"count":1,"href":"https:\/\/blogdorogeriogomes.com.br\/noticias\/wp-json\/wp\/v2\/posts\/29515\/revisions"}],"predecessor-version":[{"id":29517,"href":"https:\/\/blogdorogeriogomes.com.br\/noticias\/wp-json\/wp\/v2\/posts\/29515\/revisions\/29517"}],"wp:featuredmedia":[{"embeddable":true,"href":"https:\/\/blogdorogeriogomes.com.br\/noticias\/wp-json\/wp\/v2\/media\/29516"}],"wp:attachment":[{"href":"https:\/\/blogdorogeriogomes.com.br\/noticias\/wp-json\/wp\/v2\/media?parent=29515"}],"wp:term":[{"taxonomy":"category","embeddable":true,"href":"https:\/\/blogdorogeriogomes.com.br\/noticias\/wp-json\/wp\/v2\/categories?post=29515"},{"taxonomy":"post_tag","embeddable":true,"href":"https:\/\/blogdorogeriogomes.com.br\/noticias\/wp-json\/wp\/v2\/tags?post=29515"}],"curies":[{"name":"wp","href":"https:\/\/api.w.org\/{rel}","templated":true}]}}