{"id":29522,"date":"2023-06-06T14:20:35","date_gmt":"2023-06-06T14:20:35","guid":{"rendered":"https:\/\/blogdorogeriogomes.com.br\/?p=29522"},"modified":"2023-06-09T13:57:31","modified_gmt":"2023-06-09T13:57:31","slug":"prefeitos-do-ceara-discutem-melhorias-na-administracao-publica-em-seminario-no-centro-de-eventos","status":"publish","type":"post","link":"https:\/\/blogdorogeriogomes.com.br\/noticias\/2023\/06\/prefeitos-do-ceara-discutem-melhorias-na-administracao-publica-em-seminario-no-centro-de-eventos\/","title":{"rendered":"Prefeitos do Cear\u00e1 discutem melhorias na administra\u00e7\u00e3o p\u00fablica em semin\u00e1rio no Centro de Eventos"},"content":{"rendered":"\n<p>O Semin\u00e1rio de Gestores P\u00fablicos &#8211; Prefeitos Cear\u00e1 2023 teve in\u00edcio nesta ter\u00e7a-feira, dia 6 de junho, no Centro de Eventos do Cear\u00e1. O tema do encontro \u00e9 &#8220;Inova\u00e7\u00e3o e Sustentabilidade: novos caminhos para a gest\u00e3o&#8221; e envolve temas como tecnologia, sustentabilidade e efici\u00eancia na gest\u00e3o p\u00fablica. O Tribunal de Contas do Estado foi uma das entidades convidadas para debater com os prefeitos sobre a import\u00e2ncia dos cuidados com a responsabilidade fiscal na gest\u00e3o dos munic\u00edpios.<\/p>\n\n\n\n<p>Um dos principais desafios dos gestores p\u00fablicos \u00e9 acompanhar as constantes mudan\u00e7as das leis que regem a administra\u00e7\u00e3o p\u00fablica. O sucesso da gest\u00e3o pode estar relacionada a capacita\u00e7\u00e3o do pr\u00f3prio prefeito e de sua equipe.<\/p>\n\n\n\n<p>O evento teve a presen\u00e7a do governador do Cear\u00e1, Elmano de Freitas (PT), e do prefeito de Fortaleza, Jos\u00e9 Sarto (PDT). Gestores de v\u00e1rios munic\u00edpios cearenses, al\u00e9m de parlamentares federais, estaduais e municipais participam do Semin\u00e1rio de Gestores P\u00fablicos.<\/p>\n\n\n\n<figure class=\"wp-block-image size-large\"><img loading=\"lazy\" decoding=\"async\" width=\"1024\" height=\"664\" src=\"https:\/\/blogdorogeriogomes.com.br\/wp-content\/uploads\/2023\/06\/IMG_20230606_1029125462-1024x664.jpg\" alt=\"\" class=\"wp-image-29523\" srcset=\"https:\/\/blogdorogeriogomes.com.br\/noticias\/wp-content\/uploads\/2023\/06\/IMG_20230606_1029125462-1024x664.jpg 1024w, https:\/\/blogdorogeriogomes.com.br\/noticias\/wp-content\/uploads\/2023\/06\/IMG_20230606_1029125462-300x195.jpg 300w, https:\/\/blogdorogeriogomes.com.br\/noticias\/wp-content\/uploads\/2023\/06\/IMG_20230606_1029125462-768x498.jpg 768w, https:\/\/blogdorogeriogomes.com.br\/noticias\/wp-content\/uploads\/2023\/06\/IMG_20230606_1029125462-1536x996.jpg 1536w, https:\/\/blogdorogeriogomes.com.br\/noticias\/wp-content\/uploads\/2023\/06\/IMG_20230606_1029125462-2048x1329.jpg 2048w, https:\/\/blogdorogeriogomes.com.br\/noticias\/wp-content\/uploads\/2023\/06\/IMG_20230606_1029125462-800x519.jpg 800w\" sizes=\"auto, (max-width: 1024px) 100vw, 1024px\" \/><\/figure>\n","protected":false},"excerpt":{"rendered":"<p>O Semin\u00e1rio de Gestores P\u00fablicos &#8211; Prefeitos Cear\u00e1 2023 teve in\u00edcio nesta ter\u00e7a-feira, dia 6 de junho, no Centro de Eventos do Cear\u00e1. O tema do encontro \u00e9 &#8220;Inova\u00e7\u00e3o e Sustentabilidade: novos caminhos para a gest\u00e3o&#8221; e envolve temas como tecnologia, sustentabilidade e efici\u00eancia na gest\u00e3o p\u00fablica. O Tribunal de Contas do Estado foi uma das entidades convidadas para debater com os prefeitos sobre a import\u00e2ncia dos cuidados com a responsabilidade fiscal na gest\u00e3o dos munic\u00edpios. Um dos principais&hellip;<\/p>\n","protected":false},"author":1,"featured_media":29523,"comment_status":"open","ping_status":"open","sticky":false,"template":"","format":"standard","meta":{"footnotes":""},"categories":[1],"tags":[],"class_list":["post-29522","post","type-post","status-publish","format-standard","has-post-thumbnail","hentry","category-noticias"],"_links":{"self":[{"href":"https:\/\/blogdorogeriogomes.com.br\/noticias\/wp-json\/wp\/v2\/posts\/29522","targetHints":{"allow":["GET"]}}],"collection":[{"href":"https:\/\/blogdorogeriogomes.com.br\/noticias\/wp-json\/wp\/v2\/posts"}],"about":[{"href":"https:\/\/blogdorogeriogomes.com.br\/noticias\/wp-json\/wp\/v2\/types\/post"}],"author":[{"embeddable":true,"href":"https:\/\/blogdorogeriogomes.com.br\/noticias\/wp-json\/wp\/v2\/users\/1"}],"replies":[{"embeddable":true,"href":"https:\/\/blogdorogeriogomes.com.br\/noticias\/wp-json\/wp\/v2\/comments?post=29522"}],"version-history":[{"count":1,"href":"https:\/\/blogdorogeriogomes.com.br\/noticias\/wp-json\/wp\/v2\/posts\/29522\/revisions"}],"predecessor-version":[{"id":29524,"href":"https:\/\/blogdorogeriogomes.com.br\/noticias\/wp-json\/wp\/v2\/posts\/29522\/revisions\/29524"}],"wp:featuredmedia":[{"embeddable":true,"href":"https:\/\/blogdorogeriogomes.com.br\/noticias\/wp-json\/wp\/v2\/media\/29523"}],"wp:attachment":[{"href":"https:\/\/blogdorogeriogomes.com.br\/noticias\/wp-json\/wp\/v2\/media?parent=29522"}],"wp:term":[{"taxonomy":"category","embeddable":true,"href":"https:\/\/blogdorogeriogomes.com.br\/noticias\/wp-json\/wp\/v2\/categories?post=29522"},{"taxonomy":"post_tag","embeddable":true,"href":"https:\/\/blogdorogeriogomes.com.br\/noticias\/wp-json\/wp\/v2\/tags?post=29522"}],"curies":[{"name":"wp","href":"https:\/\/api.w.org\/{rel}","templated":true}]}}