{"id":29528,"date":"2023-06-07T09:59:51","date_gmt":"2023-06-07T09:59:51","guid":{"rendered":"https:\/\/blogdorogeriogomes.com.br\/?p=29528"},"modified":"2023-06-09T13:56:58","modified_gmt":"2023-06-09T13:56:58","slug":"gestores-municipais-no-ceara-cobram-mais-recursos-federais-para-pagar-novo-piso-da-enfermagem","status":"publish","type":"post","link":"https:\/\/blogdorogeriogomes.com.br\/noticias\/2023\/06\/gestores-municipais-no-ceara-cobram-mais-recursos-federais-para-pagar-novo-piso-da-enfermagem\/","title":{"rendered":"Gestores municipais no Cear\u00e1 cobram mais recursos federais para pagar novo piso da Enfermagem"},"content":{"rendered":"\n<p>A reclama\u00e7\u00e3o \u00e9 geral entre prefeitos cearenses. Eles cobram a corre\u00e7\u00e3o dos recursos federais anunciados para pagar o novo piso nacional da Enfermagem. O governador do Cear\u00e1, Elmano de Freitas (PT), diz que \u00e9 necess\u00e1rio que o Governo Federal corrija portaria que define os valores a serem repassados a estados e munic\u00edpios para garantir a aplica\u00e7\u00e3o do piso para a categoria, que tem realizado protestos para garantir o recebimento do sal\u00e1rio corrigido.<\/p>\n\n\n\n<p>No ano passado, o Congresso Nacional, acertou o sal\u00e1rio de R$ 4.750 para enfermeiros; R$ 3.325 para t\u00e9cnicos de enfermagem; e R$ 2.375 para auxiliares de enfermagem e parteiras.&nbsp;<\/p>\n\n\n\n<p>O Governo Federal abriu um cr\u00e9dito especial de R$ 7,3 bilh\u00f5es para viabilizar o pagamento. O valor foi repassado para estados e munic\u00edpios do pa\u00eds. No Cear\u00e1, pequenos munic\u00edpios ainda n\u00e3o conseguiram pagar o piso.<br><\/p>\n\n\n\n<figure class=\"wp-block-image size-full\"><img loading=\"lazy\" decoding=\"async\" width=\"818\" height=\"459\" src=\"https:\/\/blogdorogeriogomes.com.br\/wp-content\/uploads\/2023\/06\/1_manifestacao_enfermagem_2-19659802.jpeg\" alt=\"\" class=\"wp-image-29529\" srcset=\"https:\/\/blogdorogeriogomes.com.br\/noticias\/wp-content\/uploads\/2023\/06\/1_manifestacao_enfermagem_2-19659802.jpeg 818w, https:\/\/blogdorogeriogomes.com.br\/noticias\/wp-content\/uploads\/2023\/06\/1_manifestacao_enfermagem_2-19659802-300x168.jpeg 300w, https:\/\/blogdorogeriogomes.com.br\/noticias\/wp-content\/uploads\/2023\/06\/1_manifestacao_enfermagem_2-19659802-768x431.jpeg 768w, https:\/\/blogdorogeriogomes.com.br\/noticias\/wp-content\/uploads\/2023\/06\/1_manifestacao_enfermagem_2-19659802-800x449.jpeg 800w\" sizes=\"auto, (max-width: 818px) 100vw, 818px\" \/><\/figure>\n","protected":false},"excerpt":{"rendered":"<p>A reclama\u00e7\u00e3o \u00e9 geral entre prefeitos cearenses. Eles cobram a corre\u00e7\u00e3o dos recursos federais anunciados para pagar o novo piso nacional da Enfermagem. O governador do Cear\u00e1, Elmano de Freitas (PT), diz que \u00e9 necess\u00e1rio que o Governo Federal corrija portaria que define os valores a serem repassados a estados e munic\u00edpios para garantir a aplica\u00e7\u00e3o do piso para a categoria, que tem realizado protestos para garantir o recebimento do sal\u00e1rio corrigido. No ano passado, o Congresso Nacional, acertou&hellip;<\/p>\n","protected":false},"author":1,"featured_media":29529,"comment_status":"open","ping_status":"open","sticky":false,"template":"","format":"standard","meta":{"footnotes":""},"categories":[1],"tags":[],"class_list":["post-29528","post","type-post","status-publish","format-standard","has-post-thumbnail","hentry","category-noticias"],"_links":{"self":[{"href":"https:\/\/blogdorogeriogomes.com.br\/noticias\/wp-json\/wp\/v2\/posts\/29528","targetHints":{"allow":["GET"]}}],"collection":[{"href":"https:\/\/blogdorogeriogomes.com.br\/noticias\/wp-json\/wp\/v2\/posts"}],"about":[{"href":"https:\/\/blogdorogeriogomes.com.br\/noticias\/wp-json\/wp\/v2\/types\/post"}],"author":[{"embeddable":true,"href":"https:\/\/blogdorogeriogomes.com.br\/noticias\/wp-json\/wp\/v2\/users\/1"}],"replies":[{"embeddable":true,"href":"https:\/\/blogdorogeriogomes.com.br\/noticias\/wp-json\/wp\/v2\/comments?post=29528"}],"version-history":[{"count":2,"href":"https:\/\/blogdorogeriogomes.com.br\/noticias\/wp-json\/wp\/v2\/posts\/29528\/revisions"}],"predecessor-version":[{"id":29538,"href":"https:\/\/blogdorogeriogomes.com.br\/noticias\/wp-json\/wp\/v2\/posts\/29528\/revisions\/29538"}],"wp:featuredmedia":[{"embeddable":true,"href":"https:\/\/blogdorogeriogomes.com.br\/noticias\/wp-json\/wp\/v2\/media\/29529"}],"wp:attachment":[{"href":"https:\/\/blogdorogeriogomes.com.br\/noticias\/wp-json\/wp\/v2\/media?parent=29528"}],"wp:term":[{"taxonomy":"category","embeddable":true,"href":"https:\/\/blogdorogeriogomes.com.br\/noticias\/wp-json\/wp\/v2\/categories?post=29528"},{"taxonomy":"post_tag","embeddable":true,"href":"https:\/\/blogdorogeriogomes.com.br\/noticias\/wp-json\/wp\/v2\/tags?post=29528"}],"curies":[{"name":"wp","href":"https:\/\/api.w.org\/{rel}","templated":true}]}}