{"id":29531,"date":"2023-06-07T10:19:21","date_gmt":"2023-06-07T10:19:21","guid":{"rendered":"https:\/\/blogdorogeriogomes.com.br\/?p=29531"},"modified":"2023-06-09T13:56:45","modified_gmt":"2023-06-09T13:56:45","slug":"lula-relanca-programa-farmacia-popular-em-recife-nesta-quarta-feira","status":"publish","type":"post","link":"https:\/\/blogdorogeriogomes.com.br\/noticias\/2023\/06\/lula-relanca-programa-farmacia-popular-em-recife-nesta-quarta-feira\/","title":{"rendered":"Lula relan\u00e7a Programa Farm\u00e1cia Popular em Recife nesta quarta-feira"},"content":{"rendered":"\n<p>O presidente Luiz In\u00e1cio Lula da Silva lan\u00e7a, nesta quarta-feira, dia 7 de junho, o novo programa &#8220;Farm\u00e1cia Popular do Brasil&#8221;, em Recife (PE). O evento marca a remodelagem de um dos principais programas da \u00e1rea da Sa\u00fade para fortalecer a distribui\u00e7\u00e3o de medicamentos no Sistema \u00danico de Sa\u00fade (SUS).<\/p>\n\n\n\n<p>&#8220;O Farm\u00e1cia Popular fez com que milh\u00f5es de pessoas sa\u00edssem de suas consultas m\u00e9dicas sabendo que poderiam comprar o medicamento prescrito. Hoje em Recife tenho a alegria de relan\u00e7ar esse programa t\u00e3o importante para a sa\u00fade do povo e que sofreu com falta de investimentos nos \u00faltimos anos&#8221;, disse Lula.<\/p>\n\n\n\n<p>Ainda em Recife, ele participa da inaugura\u00e7\u00e3o do Campus Paulista do Instituto Federal, unidade criada no governo da presidenta Dilma Rousseff e que agora ter\u00e1 sua sede definitiva, mais moderna, com est\u00edmulos e condi\u00e7\u00f5es adequadas para desenvolvimento da educa\u00e7\u00e3o e ci\u00eancia.<\/p>\n\n\n\n<figure class=\"wp-block-image size-full\"><img loading=\"lazy\" decoding=\"async\" width=\"615\" height=\"299\" src=\"https:\/\/blogdorogeriogomes.com.br\/wp-content\/uploads\/2023\/06\/images-28.jpeg\" alt=\"\" class=\"wp-image-29532\" srcset=\"https:\/\/blogdorogeriogomes.com.br\/noticias\/wp-content\/uploads\/2023\/06\/images-28.jpeg 615w, https:\/\/blogdorogeriogomes.com.br\/noticias\/wp-content\/uploads\/2023\/06\/images-28-300x146.jpeg 300w\" sizes=\"auto, (max-width: 615px) 100vw, 615px\" \/><\/figure>\n\n\n\n<p><br><\/p>\n","protected":false},"excerpt":{"rendered":"<p>O presidente Luiz In\u00e1cio Lula da Silva lan\u00e7a, nesta quarta-feira, dia 7 de junho, o novo programa &#8220;Farm\u00e1cia Popular do Brasil&#8221;, em Recife (PE). O evento marca a remodelagem de um dos principais programas da \u00e1rea da Sa\u00fade para fortalecer a distribui\u00e7\u00e3o de medicamentos no Sistema \u00danico de Sa\u00fade (SUS). &#8220;O Farm\u00e1cia Popular fez com que milh\u00f5es de pessoas sa\u00edssem de suas consultas m\u00e9dicas sabendo que poderiam comprar o medicamento prescrito. Hoje em Recife tenho a alegria de relan\u00e7ar&hellip;<\/p>\n","protected":false},"author":1,"featured_media":29532,"comment_status":"open","ping_status":"open","sticky":false,"template":"","format":"standard","meta":{"footnotes":""},"categories":[1],"tags":[],"class_list":["post-29531","post","type-post","status-publish","format-standard","has-post-thumbnail","hentry","category-noticias"],"_links":{"self":[{"href":"https:\/\/blogdorogeriogomes.com.br\/noticias\/wp-json\/wp\/v2\/posts\/29531","targetHints":{"allow":["GET"]}}],"collection":[{"href":"https:\/\/blogdorogeriogomes.com.br\/noticias\/wp-json\/wp\/v2\/posts"}],"about":[{"href":"https:\/\/blogdorogeriogomes.com.br\/noticias\/wp-json\/wp\/v2\/types\/post"}],"author":[{"embeddable":true,"href":"https:\/\/blogdorogeriogomes.com.br\/noticias\/wp-json\/wp\/v2\/users\/1"}],"replies":[{"embeddable":true,"href":"https:\/\/blogdorogeriogomes.com.br\/noticias\/wp-json\/wp\/v2\/comments?post=29531"}],"version-history":[{"count":1,"href":"https:\/\/blogdorogeriogomes.com.br\/noticias\/wp-json\/wp\/v2\/posts\/29531\/revisions"}],"predecessor-version":[{"id":29533,"href":"https:\/\/blogdorogeriogomes.com.br\/noticias\/wp-json\/wp\/v2\/posts\/29531\/revisions\/29533"}],"wp:featuredmedia":[{"embeddable":true,"href":"https:\/\/blogdorogeriogomes.com.br\/noticias\/wp-json\/wp\/v2\/media\/29532"}],"wp:attachment":[{"href":"https:\/\/blogdorogeriogomes.com.br\/noticias\/wp-json\/wp\/v2\/media?parent=29531"}],"wp:term":[{"taxonomy":"category","embeddable":true,"href":"https:\/\/blogdorogeriogomes.com.br\/noticias\/wp-json\/wp\/v2\/categories?post=29531"},{"taxonomy":"post_tag","embeddable":true,"href":"https:\/\/blogdorogeriogomes.com.br\/noticias\/wp-json\/wp\/v2\/tags?post=29531"}],"curies":[{"name":"wp","href":"https:\/\/api.w.org\/{rel}","templated":true}]}}