{"id":29534,"date":"2023-06-09T10:53:30","date_gmt":"2023-06-09T10:53:30","guid":{"rendered":"https:\/\/blogdorogeriogomes.com.br\/?p=29534"},"modified":"2023-06-09T13:56:34","modified_gmt":"2023-06-09T13:56:34","slug":"governo-do-estado-lanca-programa-ceara-sem-fome-no-proximo-dia-16-de-junho","status":"publish","type":"post","link":"https:\/\/blogdorogeriogomes.com.br\/noticias\/2023\/06\/governo-do-estado-lanca-programa-ceara-sem-fome-no-proximo-dia-16-de-junho\/","title":{"rendered":"Governo do Estado lan\u00e7a programa Cear\u00e1 Sem Fome no pr\u00f3ximo dia 16 de junho"},"content":{"rendered":"\n<p>O governador Elmano de Freitas (PT) e a primeira-dama Lia de Freitas lan\u00e7am, no pr\u00f3ximo dia 16 de junho, o programa Cear\u00e1 Sem Fome. Ser\u00e3o entregues cart\u00f5es-alimenta\u00e7\u00e3o mensais no valor de R$ 300 para fam\u00edlias em situa\u00e7\u00e3o de vulnerabilidade e de refei\u00e7\u00f5es di\u00e1rias disponibilizadas por meio de cozinhas solid\u00e1rias espalhadas em todo o estado. <\/p>\n\n\n\n<p>Cerca de 45 mil fam\u00edlias cearenses nos 184 munic\u00edpios do estado v\u00e3o receber o cart\u00e3o, o que equivale a 200 mil pessoas beneficiadas pela iniciativa.<\/p>\n\n\n\n<p>No m\u00eas de julho, passam a ser oferecidas 100 mil refei\u00e7\u00f5es di\u00e1rias a pessoas em situa\u00e7\u00e3o de vulnerabilidade social. As refei\u00e7\u00f5es ser\u00e3o oferecidas por meio de uma rede formada por quase 1,3 mil cozinhas solid\u00e1rias, que ter\u00e3o o apoio financeiro do Governo do Estado.&nbsp;<\/p>\n\n\n\n<figure class=\"wp-block-image size-full\"><img loading=\"lazy\" decoding=\"async\" width=\"678\" height=\"452\" src=\"https:\/\/blogdorogeriogomes.com.br\/wp-content\/uploads\/2023\/06\/images-29.jpeg\" alt=\"\" class=\"wp-image-29535\" srcset=\"https:\/\/blogdorogeriogomes.com.br\/noticias\/wp-content\/uploads\/2023\/06\/images-29.jpeg 678w, https:\/\/blogdorogeriogomes.com.br\/noticias\/wp-content\/uploads\/2023\/06\/images-29-300x200.jpeg 300w\" sizes=\"auto, (max-width: 678px) 100vw, 678px\" \/><\/figure>\n","protected":false},"excerpt":{"rendered":"<p>O governador Elmano de Freitas (PT) e a primeira-dama Lia de Freitas lan\u00e7am, no pr\u00f3ximo dia 16 de junho, o programa Cear\u00e1 Sem Fome. Ser\u00e3o entregues cart\u00f5es-alimenta\u00e7\u00e3o mensais no valor de R$ 300 para fam\u00edlias em situa\u00e7\u00e3o de vulnerabilidade e de refei\u00e7\u00f5es di\u00e1rias disponibilizadas por meio de cozinhas solid\u00e1rias espalhadas em todo o estado. Cerca de 45 mil fam\u00edlias cearenses nos 184 munic\u00edpios do estado v\u00e3o receber o cart\u00e3o, o que equivale a 200 mil pessoas beneficiadas pela iniciativa.&hellip;<\/p>\n","protected":false},"author":1,"featured_media":29535,"comment_status":"open","ping_status":"open","sticky":false,"template":"","format":"standard","meta":{"footnotes":""},"categories":[1],"tags":[],"class_list":["post-29534","post","type-post","status-publish","format-standard","has-post-thumbnail","hentry","category-noticias"],"_links":{"self":[{"href":"https:\/\/blogdorogeriogomes.com.br\/noticias\/wp-json\/wp\/v2\/posts\/29534","targetHints":{"allow":["GET"]}}],"collection":[{"href":"https:\/\/blogdorogeriogomes.com.br\/noticias\/wp-json\/wp\/v2\/posts"}],"about":[{"href":"https:\/\/blogdorogeriogomes.com.br\/noticias\/wp-json\/wp\/v2\/types\/post"}],"author":[{"embeddable":true,"href":"https:\/\/blogdorogeriogomes.com.br\/noticias\/wp-json\/wp\/v2\/users\/1"}],"replies":[{"embeddable":true,"href":"https:\/\/blogdorogeriogomes.com.br\/noticias\/wp-json\/wp\/v2\/comments?post=29534"}],"version-history":[{"count":2,"href":"https:\/\/blogdorogeriogomes.com.br\/noticias\/wp-json\/wp\/v2\/posts\/29534\/revisions"}],"predecessor-version":[{"id":29537,"href":"https:\/\/blogdorogeriogomes.com.br\/noticias\/wp-json\/wp\/v2\/posts\/29534\/revisions\/29537"}],"wp:featuredmedia":[{"embeddable":true,"href":"https:\/\/blogdorogeriogomes.com.br\/noticias\/wp-json\/wp\/v2\/media\/29535"}],"wp:attachment":[{"href":"https:\/\/blogdorogeriogomes.com.br\/noticias\/wp-json\/wp\/v2\/media?parent=29534"}],"wp:term":[{"taxonomy":"category","embeddable":true,"href":"https:\/\/blogdorogeriogomes.com.br\/noticias\/wp-json\/wp\/v2\/categories?post=29534"},{"taxonomy":"post_tag","embeddable":true,"href":"https:\/\/blogdorogeriogomes.com.br\/noticias\/wp-json\/wp\/v2\/tags?post=29534"}],"curies":[{"name":"wp","href":"https:\/\/api.w.org\/{rel}","templated":true}]}}