{"id":29547,"date":"2023-06-12T12:50:49","date_gmt":"2023-06-12T12:50:49","guid":{"rendered":"https:\/\/blogdorogeriogomes.com.br\/?p=29547"},"modified":"2023-06-13T10:55:36","modified_gmt":"2023-06-13T10:55:36","slug":"comeca-a-disputa-nos-bastidores-pelo-lugar-de-augusto-aras-na-pgr-ele-quer-continuar-no-cargo","status":"publish","type":"post","link":"https:\/\/blogdorogeriogomes.com.br\/noticias\/2023\/06\/comeca-a-disputa-nos-bastidores-pelo-lugar-de-augusto-aras-na-pgr-ele-quer-continuar-no-cargo\/","title":{"rendered":"Come\u00e7a a disputa nos bastidores pelo lugar de Augusto Aras na PGR. Ele quer continuar no cargo"},"content":{"rendered":"\n<p>Come\u00e7ou em Bras\u00edlia uma nova disputa nos bastidores para a sucess\u00e3o do procurador-geral da Rep\u00fablica, Augusto Aras. O mandato de Aras se encerra apenas no final de setembro, mas v\u00e1rios grupos de interesse j\u00e1 manifestaram suas prefer\u00eancias ao presidente, respons\u00e1vel pela indica\u00e7\u00e3o. O pr\u00f3prio Augusto Aras tem interesse em permanecer no cargo. Ele tem se movimentado entre seus contatos no PT baiano, como o senador Jaques Wagner, l\u00edder do governo Lula no Senado, para convencer o presidente de que merece ser reconduzido.&nbsp;<\/p>\n\n\n\n<p>Os ministros do Supremo Tribunal Federal, Alexandre de Moraes e Gilmar Mendes, j\u00e1 expressaram para Lula os seus apoios ao seu favorito para substituir Aras. Ambos afirmaram ao presidente que gostariam de ver o vice-procurador-geral eleitoral, Paulo Gonet, \u00e0 frente da Procuradoria-Geral da Rep\u00fablica (PGR). Paulo Gonet \u00e9 amigo e ex-s\u00f3cio de Gilmar Mendes no Instituto Brasiliense de Direito P\u00fablico.<\/p>\n\n\n\n<figure class=\"wp-block-image size-full\"><img loading=\"lazy\" decoding=\"async\" width=\"500\" height=\"240\" src=\"https:\/\/blogdorogeriogomes.com.br\/wp-content\/uploads\/2023\/06\/20230612070620_813cdd0b91dd790938af6e52ebdc1fe7c0087da60cef9fd79ef02edde9f3be8d.webp\" alt=\"\" class=\"wp-image-29548\" srcset=\"https:\/\/blogdorogeriogomes.com.br\/noticias\/wp-content\/uploads\/2023\/06\/20230612070620_813cdd0b91dd790938af6e52ebdc1fe7c0087da60cef9fd79ef02edde9f3be8d.webp 500w, https:\/\/blogdorogeriogomes.com.br\/noticias\/wp-content\/uploads\/2023\/06\/20230612070620_813cdd0b91dd790938af6e52ebdc1fe7c0087da60cef9fd79ef02edde9f3be8d-300x144.webp 300w\" sizes=\"auto, (max-width: 500px) 100vw, 500px\" \/><\/figure>\n","protected":false},"excerpt":{"rendered":"<p>Come\u00e7ou em Bras\u00edlia uma nova disputa nos bastidores para a sucess\u00e3o do procurador-geral da Rep\u00fablica, Augusto Aras. O mandato de Aras se encerra apenas no final de setembro, mas v\u00e1rios grupos de interesse j\u00e1 manifestaram suas prefer\u00eancias ao presidente, respons\u00e1vel pela indica\u00e7\u00e3o. O pr\u00f3prio Augusto Aras tem interesse em permanecer no cargo. Ele tem se movimentado entre seus contatos no PT baiano, como o senador Jaques Wagner, l\u00edder do governo Lula no Senado, para convencer o presidente de que&hellip;<\/p>\n","protected":false},"author":1,"featured_media":29548,"comment_status":"open","ping_status":"open","sticky":false,"template":"","format":"standard","meta":{"footnotes":""},"categories":[1],"tags":[],"class_list":["post-29547","post","type-post","status-publish","format-standard","has-post-thumbnail","hentry","category-noticias"],"_links":{"self":[{"href":"https:\/\/blogdorogeriogomes.com.br\/noticias\/wp-json\/wp\/v2\/posts\/29547","targetHints":{"allow":["GET"]}}],"collection":[{"href":"https:\/\/blogdorogeriogomes.com.br\/noticias\/wp-json\/wp\/v2\/posts"}],"about":[{"href":"https:\/\/blogdorogeriogomes.com.br\/noticias\/wp-json\/wp\/v2\/types\/post"}],"author":[{"embeddable":true,"href":"https:\/\/blogdorogeriogomes.com.br\/noticias\/wp-json\/wp\/v2\/users\/1"}],"replies":[{"embeddable":true,"href":"https:\/\/blogdorogeriogomes.com.br\/noticias\/wp-json\/wp\/v2\/comments?post=29547"}],"version-history":[{"count":2,"href":"https:\/\/blogdorogeriogomes.com.br\/noticias\/wp-json\/wp\/v2\/posts\/29547\/revisions"}],"predecessor-version":[{"id":29560,"href":"https:\/\/blogdorogeriogomes.com.br\/noticias\/wp-json\/wp\/v2\/posts\/29547\/revisions\/29560"}],"wp:featuredmedia":[{"embeddable":true,"href":"https:\/\/blogdorogeriogomes.com.br\/noticias\/wp-json\/wp\/v2\/media\/29548"}],"wp:attachment":[{"href":"https:\/\/blogdorogeriogomes.com.br\/noticias\/wp-json\/wp\/v2\/media?parent=29547"}],"wp:term":[{"taxonomy":"category","embeddable":true,"href":"https:\/\/blogdorogeriogomes.com.br\/noticias\/wp-json\/wp\/v2\/categories?post=29547"},{"taxonomy":"post_tag","embeddable":true,"href":"https:\/\/blogdorogeriogomes.com.br\/noticias\/wp-json\/wp\/v2\/tags?post=29547"}],"curies":[{"name":"wp","href":"https:\/\/api.w.org\/{rel}","templated":true}]}}