{"id":29550,"date":"2023-06-12T20:50:53","date_gmt":"2023-06-12T20:50:53","guid":{"rendered":"https:\/\/blogdorogeriogomes.com.br\/?p=29550"},"modified":"2023-06-13T10:55:30","modified_gmt":"2023-06-13T10:55:30","slug":"juri-nacional-aprova-renovacao-da-bandeira-azul-na-praia-do-cumbuco-em-caucaia","status":"publish","type":"post","link":"https:\/\/blogdorogeriogomes.com.br\/noticias\/2023\/06\/juri-nacional-aprova-renovacao-da-bandeira-azul-na-praia-do-cumbuco-em-caucaia\/","title":{"rendered":"J\u00fari nacional aprova renova\u00e7\u00e3o da Bandeira Azul na praia do Cumbuco, em Caucaia"},"content":{"rendered":"\n<p>A praia do Cumbuco est\u00e1 em festa por ser pr\u00e9-aprovada para a renova\u00e7\u00e3o nacional da chancela ecol\u00f3gica Bandeira Azul, o maior pr\u00eamio ecol\u00f3gico internacional que comprova as boas pr\u00e1ticas ambientais concedido \u00e0s praias, marinas e embarca\u00e7\u00f5es de turismo. A conquista, que garante a renova\u00e7\u00e3o do selo na temporada 2023\/2024, foi aprovada durante reuni\u00e3o do j\u00fari nacional do programa Bandeira Azul, que aconteceu na \u00faltima segunda-feira, dia 5 de junho, no dia Mundial do Meio Ambiente. A praia do Cumbuco passou pela avalia\u00e7\u00e3o de uma s\u00e9rie de crit\u00e9rios com foco em gest\u00e3o ambiental, qualidade da \u00e1gua, educa\u00e7\u00e3o ambiental, seguran\u00e7a, servi\u00e7os, turismo sustent\u00e1vel e responsabilidade social, entre outros.<\/p>\n\n\n\n<p>Dos candidatos \u00e0 certifica\u00e7\u00e3o Bandeira Azul, o Cumbuco e mais 44 foram locais pr\u00e9-aprovados pelo J\u00fari Nacional, sendo 34 praias e 11 marinas, que ser\u00e3o recomendadas para avalia\u00e7\u00e3o do J\u00fari Internacional, que se re\u00fane em setembro, em Copenhague, na Dinamarca, para avalia\u00e7\u00e3o final.<\/p>\n\n\n\n<p>O J\u00fari Nacional do Programa Bandeira Azul Brasil foi composto por representantes do Minist\u00e9rio do Turismo (MTur), Secretaria do Patrim\u00f4nio da Uni\u00e3o (SPU), do Instituto Ambientes em Rede (IAR), da Associa\u00e7\u00e3o N\u00e1utica Brasileira (ACATMAR), da Ag\u00eancia Brasileira de Gerenciamento Costeiro, da Sociedade Brasileira de Salvamento Aqu\u00e1tico (SOBRASA), da Associa\u00e7\u00e3o Nacional de Munic\u00edpios de Meio Ambiente (ANAMMA) e da Associa\u00e7\u00e3o Brasileira de Entidades Estaduais de Meio Ambiente (ABEMA).<\/p>\n\n\n\n<p>O prefeito de Caucaia, Vitor Valim, comemorou a novidade e destacou a alegria de renovar a certifica\u00e7\u00e3o. &#8220;\u00c9 com muita felicidade que recebo essa not\u00edcia. Isso mostra que estamos no caminho certo. No caminho da sustentabilidade e respeito ao nosso meio ambiente marinho. A Prefeitura de Caucaia trabalha seriamente para a sustentabilidade do nosso munic\u00edpio atrav\u00e9s de diversas iniciativas como a\u00e7\u00f5es de limpeza da orla, revitaliza\u00e7\u00e3o das praias e do entorno e educa\u00e7\u00e3o ambiental da nossa popula\u00e7\u00e3o\u201d, pontuou o prefeito.<\/p>\n\n\n\n<figure class=\"wp-block-image size-large\"><img loading=\"lazy\" decoding=\"async\" width=\"1024\" height=\"682\" src=\"https:\/\/blogdorogeriogomes.com.br\/wp-content\/uploads\/2023\/06\/IMG-20230612-WA0048-1024x682.jpg\" alt=\"\" class=\"wp-image-29551\" srcset=\"https:\/\/blogdorogeriogomes.com.br\/noticias\/wp-content\/uploads\/2023\/06\/IMG-20230612-WA0048-1024x682.jpg 1024w, https:\/\/blogdorogeriogomes.com.br\/noticias\/wp-content\/uploads\/2023\/06\/IMG-20230612-WA0048-300x200.jpg 300w, https:\/\/blogdorogeriogomes.com.br\/noticias\/wp-content\/uploads\/2023\/06\/IMG-20230612-WA0048-768x512.jpg 768w, https:\/\/blogdorogeriogomes.com.br\/noticias\/wp-content\/uploads\/2023\/06\/IMG-20230612-WA0048-800x533.jpg 800w, https:\/\/blogdorogeriogomes.com.br\/noticias\/wp-content\/uploads\/2023\/06\/IMG-20230612-WA0048.jpg 1280w\" sizes=\"auto, (max-width: 1024px) 100vw, 1024px\" \/><\/figure>\n\n\n\n<p><\/p>\n\n\n\n<p><\/p>\n\n\n\n<p><\/p>\n\n\n\n<p><\/p>\n\n\n\n<p><\/p>\n\n\n\n<p><\/p>\n\n\n\n<p><\/p>\n\n\n\n<p><\/p>\n\n\n\n<p><\/p>\n","protected":false},"excerpt":{"rendered":"<p>A praia do Cumbuco est\u00e1 em festa por ser pr\u00e9-aprovada para a renova\u00e7\u00e3o nacional da chancela ecol\u00f3gica Bandeira Azul, o maior pr\u00eamio ecol\u00f3gico internacional que comprova as boas pr\u00e1ticas ambientais concedido \u00e0s praias, marinas e embarca\u00e7\u00f5es de turismo. A conquista, que garante a renova\u00e7\u00e3o do selo na temporada 2023\/2024, foi aprovada durante reuni\u00e3o do j\u00fari nacional do programa Bandeira Azul, que aconteceu na \u00faltima segunda-feira, dia 5 de junho, no dia Mundial do Meio Ambiente. A praia do Cumbuco&hellip;<\/p>\n","protected":false},"author":1,"featured_media":29551,"comment_status":"open","ping_status":"open","sticky":false,"template":"","format":"standard","meta":{"footnotes":""},"categories":[1],"tags":[],"class_list":["post-29550","post","type-post","status-publish","format-standard","has-post-thumbnail","hentry","category-noticias"],"_links":{"self":[{"href":"https:\/\/blogdorogeriogomes.com.br\/noticias\/wp-json\/wp\/v2\/posts\/29550","targetHints":{"allow":["GET"]}}],"collection":[{"href":"https:\/\/blogdorogeriogomes.com.br\/noticias\/wp-json\/wp\/v2\/posts"}],"about":[{"href":"https:\/\/blogdorogeriogomes.com.br\/noticias\/wp-json\/wp\/v2\/types\/post"}],"author":[{"embeddable":true,"href":"https:\/\/blogdorogeriogomes.com.br\/noticias\/wp-json\/wp\/v2\/users\/1"}],"replies":[{"embeddable":true,"href":"https:\/\/blogdorogeriogomes.com.br\/noticias\/wp-json\/wp\/v2\/comments?post=29550"}],"version-history":[{"count":1,"href":"https:\/\/blogdorogeriogomes.com.br\/noticias\/wp-json\/wp\/v2\/posts\/29550\/revisions"}],"predecessor-version":[{"id":29552,"href":"https:\/\/blogdorogeriogomes.com.br\/noticias\/wp-json\/wp\/v2\/posts\/29550\/revisions\/29552"}],"wp:featuredmedia":[{"embeddable":true,"href":"https:\/\/blogdorogeriogomes.com.br\/noticias\/wp-json\/wp\/v2\/media\/29551"}],"wp:attachment":[{"href":"https:\/\/blogdorogeriogomes.com.br\/noticias\/wp-json\/wp\/v2\/media?parent=29550"}],"wp:term":[{"taxonomy":"category","embeddable":true,"href":"https:\/\/blogdorogeriogomes.com.br\/noticias\/wp-json\/wp\/v2\/categories?post=29550"},{"taxonomy":"post_tag","embeddable":true,"href":"https:\/\/blogdorogeriogomes.com.br\/noticias\/wp-json\/wp\/v2\/tags?post=29550"}],"curies":[{"name":"wp","href":"https:\/\/api.w.org\/{rel}","templated":true}]}}