{"id":29553,"date":"2023-06-12T20:54:43","date_gmt":"2023-06-12T20:54:43","guid":{"rendered":"https:\/\/blogdorogeriogomes.com.br\/?p=29553"},"modified":"2023-06-13T10:55:23","modified_gmt":"2023-06-13T10:55:23","slug":"programa-de-aprendizagem-do-ceara-inspira-nova-politica-de-alfabetizacao-do-governo-federal","status":"publish","type":"post","link":"https:\/\/blogdorogeriogomes.com.br\/noticias\/2023\/06\/programa-de-aprendizagem-do-ceara-inspira-nova-politica-de-alfabetizacao-do-governo-federal\/","title":{"rendered":"Programa de aprendizagem do Cear\u00e1 inspira nova pol\u00edtica de alfabetiza\u00e7\u00e3o do Governo Federal"},"content":{"rendered":"\n<p>Os resultados das pol\u00edticas educacionais cearenses de promo\u00e7\u00e3o da aprendizagem na idade certa serviram de inspira\u00e7\u00e3o para o Compromisso Nacional Crian\u00e7a Alfabetizada lan\u00e7ado, nesta segunda-feira, dia 12 de junho, pelo presidente da Rep\u00fablica, Luiz In\u00e1cio Lula da Silva, e pelo ministro da Educa\u00e7\u00e3o, Camilo Santana, com a presen\u00e7a do governador do Cear\u00e1, Elmano de Freitas, e da secret\u00e1ria da Educa\u00e7\u00e3o, Eliana Estrela. A nova pol\u00edtica de alfabetiza\u00e7\u00e3o brasileira vai subsidiar a\u00e7\u00f5es concretas dos estados, munic\u00edpios e Distrito Federal para a promo\u00e7\u00e3o da alfabetiza\u00e7\u00e3o de todas as crian\u00e7as do pa\u00eds, com um investimento de mais de R$ 2 bilh\u00f5es em quatro anos.<\/p>\n\n\n\n<p>O objetivo \u00e9 garantir que 100% das crian\u00e7as brasileiras estejam alfabetizadas ao fim do 2\u00ba ano do ensino fundamental, conforme previsto na meta 5 do Plano Nacional de Educa\u00e7\u00e3o (PNE); al\u00e9m de garantir a recomposi\u00e7\u00e3o das aprendizagens, com foco na alfabetiza\u00e7\u00e3o, de 100% das crian\u00e7as matriculadas no 3\u00ba, 4\u00ba e 5\u00ba ano, tendo em vista o impacto da pandemia para esse p\u00fablico.<\/p>\n\n\n\n<figure class=\"wp-block-image size-large\"><img loading=\"lazy\" decoding=\"async\" width=\"1024\" height=\"683\" src=\"https:\/\/blogdorogeriogomes.com.br\/wp-content\/uploads\/2023\/06\/52969990425_7d95e15723_k-1200x800-1-1024x683.jpg\" alt=\"\" class=\"wp-image-29554\" srcset=\"https:\/\/blogdorogeriogomes.com.br\/noticias\/wp-content\/uploads\/2023\/06\/52969990425_7d95e15723_k-1200x800-1-1024x683.jpg 1024w, https:\/\/blogdorogeriogomes.com.br\/noticias\/wp-content\/uploads\/2023\/06\/52969990425_7d95e15723_k-1200x800-1-300x200.jpg 300w, https:\/\/blogdorogeriogomes.com.br\/noticias\/wp-content\/uploads\/2023\/06\/52969990425_7d95e15723_k-1200x800-1-768x512.jpg 768w, https:\/\/blogdorogeriogomes.com.br\/noticias\/wp-content\/uploads\/2023\/06\/52969990425_7d95e15723_k-1200x800-1-800x533.jpg 800w, https:\/\/blogdorogeriogomes.com.br\/noticias\/wp-content\/uploads\/2023\/06\/52969990425_7d95e15723_k-1200x800-1.jpg 1200w\" sizes=\"auto, (max-width: 1024px) 100vw, 1024px\" \/><\/figure>\n","protected":false},"excerpt":{"rendered":"<p>Os resultados das pol\u00edticas educacionais cearenses de promo\u00e7\u00e3o da aprendizagem na idade certa serviram de inspira\u00e7\u00e3o para o Compromisso Nacional Crian\u00e7a Alfabetizada lan\u00e7ado, nesta segunda-feira, dia 12 de junho, pelo presidente da Rep\u00fablica, Luiz In\u00e1cio Lula da Silva, e pelo ministro da Educa\u00e7\u00e3o, Camilo Santana, com a presen\u00e7a do governador do Cear\u00e1, Elmano de Freitas, e da secret\u00e1ria da Educa\u00e7\u00e3o, Eliana Estrela. A nova pol\u00edtica de alfabetiza\u00e7\u00e3o brasileira vai subsidiar a\u00e7\u00f5es concretas dos estados, munic\u00edpios e Distrito Federal para&hellip;<\/p>\n","protected":false},"author":1,"featured_media":29554,"comment_status":"open","ping_status":"open","sticky":false,"template":"","format":"standard","meta":{"footnotes":""},"categories":[1],"tags":[],"class_list":["post-29553","post","type-post","status-publish","format-standard","has-post-thumbnail","hentry","category-noticias"],"_links":{"self":[{"href":"https:\/\/blogdorogeriogomes.com.br\/noticias\/wp-json\/wp\/v2\/posts\/29553","targetHints":{"allow":["GET"]}}],"collection":[{"href":"https:\/\/blogdorogeriogomes.com.br\/noticias\/wp-json\/wp\/v2\/posts"}],"about":[{"href":"https:\/\/blogdorogeriogomes.com.br\/noticias\/wp-json\/wp\/v2\/types\/post"}],"author":[{"embeddable":true,"href":"https:\/\/blogdorogeriogomes.com.br\/noticias\/wp-json\/wp\/v2\/users\/1"}],"replies":[{"embeddable":true,"href":"https:\/\/blogdorogeriogomes.com.br\/noticias\/wp-json\/wp\/v2\/comments?post=29553"}],"version-history":[{"count":1,"href":"https:\/\/blogdorogeriogomes.com.br\/noticias\/wp-json\/wp\/v2\/posts\/29553\/revisions"}],"predecessor-version":[{"id":29555,"href":"https:\/\/blogdorogeriogomes.com.br\/noticias\/wp-json\/wp\/v2\/posts\/29553\/revisions\/29555"}],"wp:featuredmedia":[{"embeddable":true,"href":"https:\/\/blogdorogeriogomes.com.br\/noticias\/wp-json\/wp\/v2\/media\/29554"}],"wp:attachment":[{"href":"https:\/\/blogdorogeriogomes.com.br\/noticias\/wp-json\/wp\/v2\/media?parent=29553"}],"wp:term":[{"taxonomy":"category","embeddable":true,"href":"https:\/\/blogdorogeriogomes.com.br\/noticias\/wp-json\/wp\/v2\/categories?post=29553"},{"taxonomy":"post_tag","embeddable":true,"href":"https:\/\/blogdorogeriogomes.com.br\/noticias\/wp-json\/wp\/v2\/tags?post=29553"}],"curies":[{"name":"wp","href":"https:\/\/api.w.org\/{rel}","templated":true}]}}