{"id":29556,"date":"2023-06-13T10:24:08","date_gmt":"2023-06-13T10:24:08","guid":{"rendered":"https:\/\/blogdorogeriogomes.com.br\/?p=29556"},"modified":"2023-06-13T10:55:17","modified_gmt":"2023-06-13T10:55:17","slug":"aumento-nos-planos-de-saude-gera-impacto-em-mais-de-341-mil-usuarios-cearenses","status":"publish","type":"post","link":"https:\/\/blogdorogeriogomes.com.br\/noticias\/2023\/06\/aumento-nos-planos-de-saude-gera-impacto-em-mais-de-341-mil-usuarios-cearenses\/","title":{"rendered":"Aumento nos planos de sa\u00fade gera impacto em mais de 341 mil usu\u00e1rios cearenses"},"content":{"rendered":"\n<p>O reajuste de 9,63% nos planos de sa\u00fade anunciado pela Ag\u00eancia Nacional de Sa\u00fade Suplementar (ANS) vai gerar impacto em mais de 341 mil usu\u00e1rios cearenses. O aumento ter\u00e1 validade de 1\u00ba de maio de 2023, com cobran\u00e7a de retroativo, at\u00e9 30 de abril de 2024. Com mais esse reajuste, est\u00e1 cada vez mais complicado manter um plano de sa\u00fade privado. Muitas pessoas, at\u00e9 de classe m\u00e9dia, est\u00e3o desistindo do plano de sa\u00fade e tendo de se submeter a assist\u00eancia m\u00e9dica atrav\u00e9s do Sistema \u00danico de Sa\u00fade (SUS), causando ainda mais incha\u00e7o na rede p\u00fablica de sa\u00fade.<\/p>\n\n\n\n<p>O aumento aprovado pela ANS \u00e9 v\u00e1lido para benefici\u00e1rios de planos individuais e familiares. No Cear\u00e1, segundo dados da ANS, h\u00e1 1,33 milh\u00e3o de usu\u00e1rios de planos de sa\u00fade. Deste total, 341 mil s\u00e3o de pacotes individuais e familiares, portanto, estes v\u00e3o ter o aumento de 9,63% na mensalidade.<\/p>\n\n\n\n<p>Como o reajuste s\u00f3 foi aprovado em junho, os&nbsp;valores referentes a maio e junho ser\u00e3o cobrados retroativamente nas parcelas de julho e agosto.<\/p>\n\n\n\n<figure class=\"wp-block-image size-full\"><img loading=\"lazy\" decoding=\"async\" width=\"678\" height=\"452\" src=\"https:\/\/blogdorogeriogomes.com.br\/wp-content\/uploads\/2023\/06\/images-30.jpeg\" alt=\"\" class=\"wp-image-29557\" srcset=\"https:\/\/blogdorogeriogomes.com.br\/noticias\/wp-content\/uploads\/2023\/06\/images-30.jpeg 678w, https:\/\/blogdorogeriogomes.com.br\/noticias\/wp-content\/uploads\/2023\/06\/images-30-300x200.jpeg 300w\" sizes=\"auto, (max-width: 678px) 100vw, 678px\" \/><\/figure>\n","protected":false},"excerpt":{"rendered":"<p>O reajuste de 9,63% nos planos de sa\u00fade anunciado pela Ag\u00eancia Nacional de Sa\u00fade Suplementar (ANS) vai gerar impacto em mais de 341 mil usu\u00e1rios cearenses. O aumento ter\u00e1 validade de 1\u00ba de maio de 2023, com cobran\u00e7a de retroativo, at\u00e9 30 de abril de 2024. Com mais esse reajuste, est\u00e1 cada vez mais complicado manter um plano de sa\u00fade privado. Muitas pessoas, at\u00e9 de classe m\u00e9dia, est\u00e3o desistindo do plano de sa\u00fade e tendo de se submeter a&hellip;<\/p>\n","protected":false},"author":1,"featured_media":29557,"comment_status":"open","ping_status":"open","sticky":false,"template":"","format":"standard","meta":{"footnotes":""},"categories":[1],"tags":[],"class_list":["post-29556","post","type-post","status-publish","format-standard","has-post-thumbnail","hentry","category-noticias"],"_links":{"self":[{"href":"https:\/\/blogdorogeriogomes.com.br\/noticias\/wp-json\/wp\/v2\/posts\/29556","targetHints":{"allow":["GET"]}}],"collection":[{"href":"https:\/\/blogdorogeriogomes.com.br\/noticias\/wp-json\/wp\/v2\/posts"}],"about":[{"href":"https:\/\/blogdorogeriogomes.com.br\/noticias\/wp-json\/wp\/v2\/types\/post"}],"author":[{"embeddable":true,"href":"https:\/\/blogdorogeriogomes.com.br\/noticias\/wp-json\/wp\/v2\/users\/1"}],"replies":[{"embeddable":true,"href":"https:\/\/blogdorogeriogomes.com.br\/noticias\/wp-json\/wp\/v2\/comments?post=29556"}],"version-history":[{"count":1,"href":"https:\/\/blogdorogeriogomes.com.br\/noticias\/wp-json\/wp\/v2\/posts\/29556\/revisions"}],"predecessor-version":[{"id":29558,"href":"https:\/\/blogdorogeriogomes.com.br\/noticias\/wp-json\/wp\/v2\/posts\/29556\/revisions\/29558"}],"wp:featuredmedia":[{"embeddable":true,"href":"https:\/\/blogdorogeriogomes.com.br\/noticias\/wp-json\/wp\/v2\/media\/29557"}],"wp:attachment":[{"href":"https:\/\/blogdorogeriogomes.com.br\/noticias\/wp-json\/wp\/v2\/media?parent=29556"}],"wp:term":[{"taxonomy":"category","embeddable":true,"href":"https:\/\/blogdorogeriogomes.com.br\/noticias\/wp-json\/wp\/v2\/categories?post=29556"},{"taxonomy":"post_tag","embeddable":true,"href":"https:\/\/blogdorogeriogomes.com.br\/noticias\/wp-json\/wp\/v2\/tags?post=29556"}],"curies":[{"name":"wp","href":"https:\/\/api.w.org\/{rel}","templated":true}]}}