{"id":29561,"date":"2023-06-13T17:13:28","date_gmt":"2023-06-13T17:13:28","guid":{"rendered":"https:\/\/blogdorogeriogomes.com.br\/?p=29561"},"modified":"2023-06-14T11:15:47","modified_gmt":"2023-06-14T11:15:47","slug":"bnb-assina-contrato-com-agencia-francesa-para-financiamento-na-area-de-infraestrutura-no-nordeste","status":"publish","type":"post","link":"https:\/\/blogdorogeriogomes.com.br\/noticias\/2023\/06\/bnb-assina-contrato-com-agencia-francesa-para-financiamento-na-area-de-infraestrutura-no-nordeste\/","title":{"rendered":"BNB assina contrato com Ag\u00eancia Francesa para financiamento na \u00e1rea de infraestrutura no Nordeste"},"content":{"rendered":"\n<p>O presidente do Banco do Nordeste (BNB), Paulo C\u00e2mara, e a diretora regional da Ag\u00eancia Francesa de Desenvolvimento (AFD), Laetitia Dufay, recebem, \u00e0s 10 horas desta quarta-feira, dia 14 de junho, em Fortaleza, o governador do Cear\u00e1, Elmano de Freitas, durante cerim\u00f4nia de assinatura de contrato entre BNB e AFD no valor de 150 milh\u00f5es de euros. Os recursos ser\u00e3o utilizados no financiamento de infraestrutura nos estados da \u00e1rea de atua\u00e7\u00e3o do Banco.<\/p>\n\n\n\n<p>Os secret\u00e1rios estaduais da Para\u00edba, Piau\u00ed e Bahia tamb\u00e9m ir\u00e3o acompanhar a libera\u00e7\u00e3o de recursos franceses e a assinatura de conv\u00eanio com Companhia de \u00c1gua e Esgoto da Para\u00edba (Cagepa).<\/p>\n\n\n\n<figure class=\"wp-block-image size-full\"><img loading=\"lazy\" decoding=\"async\" width=\"679\" height=\"452\" src=\"https:\/\/blogdorogeriogomes.com.br\/wp-content\/uploads\/2023\/06\/images-31.jpeg\" alt=\"\" class=\"wp-image-29562\" srcset=\"https:\/\/blogdorogeriogomes.com.br\/noticias\/wp-content\/uploads\/2023\/06\/images-31.jpeg 679w, https:\/\/blogdorogeriogomes.com.br\/noticias\/wp-content\/uploads\/2023\/06\/images-31-300x200.jpeg 300w\" sizes=\"auto, (max-width: 679px) 100vw, 679px\" \/><\/figure>\n","protected":false},"excerpt":{"rendered":"<p>O presidente do Banco do Nordeste (BNB), Paulo C\u00e2mara, e a diretora regional da Ag\u00eancia Francesa de Desenvolvimento (AFD), Laetitia Dufay, recebem, \u00e0s 10 horas desta quarta-feira, dia 14 de junho, em Fortaleza, o governador do Cear\u00e1, Elmano de Freitas, durante cerim\u00f4nia de assinatura de contrato entre BNB e AFD no valor de 150 milh\u00f5es de euros. Os recursos ser\u00e3o utilizados no financiamento de infraestrutura nos estados da \u00e1rea de atua\u00e7\u00e3o do Banco. Os secret\u00e1rios estaduais da Para\u00edba, Piau\u00ed&hellip;<\/p>\n","protected":false},"author":1,"featured_media":29562,"comment_status":"open","ping_status":"open","sticky":false,"template":"","format":"standard","meta":{"footnotes":""},"categories":[1],"tags":[],"class_list":["post-29561","post","type-post","status-publish","format-standard","has-post-thumbnail","hentry","category-noticias"],"_links":{"self":[{"href":"https:\/\/blogdorogeriogomes.com.br\/noticias\/wp-json\/wp\/v2\/posts\/29561","targetHints":{"allow":["GET"]}}],"collection":[{"href":"https:\/\/blogdorogeriogomes.com.br\/noticias\/wp-json\/wp\/v2\/posts"}],"about":[{"href":"https:\/\/blogdorogeriogomes.com.br\/noticias\/wp-json\/wp\/v2\/types\/post"}],"author":[{"embeddable":true,"href":"https:\/\/blogdorogeriogomes.com.br\/noticias\/wp-json\/wp\/v2\/users\/1"}],"replies":[{"embeddable":true,"href":"https:\/\/blogdorogeriogomes.com.br\/noticias\/wp-json\/wp\/v2\/comments?post=29561"}],"version-history":[{"count":1,"href":"https:\/\/blogdorogeriogomes.com.br\/noticias\/wp-json\/wp\/v2\/posts\/29561\/revisions"}],"predecessor-version":[{"id":29563,"href":"https:\/\/blogdorogeriogomes.com.br\/noticias\/wp-json\/wp\/v2\/posts\/29561\/revisions\/29563"}],"wp:featuredmedia":[{"embeddable":true,"href":"https:\/\/blogdorogeriogomes.com.br\/noticias\/wp-json\/wp\/v2\/media\/29562"}],"wp:attachment":[{"href":"https:\/\/blogdorogeriogomes.com.br\/noticias\/wp-json\/wp\/v2\/media?parent=29561"}],"wp:term":[{"taxonomy":"category","embeddable":true,"href":"https:\/\/blogdorogeriogomes.com.br\/noticias\/wp-json\/wp\/v2\/categories?post=29561"},{"taxonomy":"post_tag","embeddable":true,"href":"https:\/\/blogdorogeriogomes.com.br\/noticias\/wp-json\/wp\/v2\/tags?post=29561"}],"curies":[{"name":"wp","href":"https:\/\/api.w.org\/{rel}","templated":true}]}}