{"id":29573,"date":"2023-06-15T11:20:42","date_gmt":"2023-06-15T11:20:42","guid":{"rendered":"https:\/\/blogdorogeriogomes.com.br\/?p=29573"},"modified":"2023-06-15T14:58:56","modified_gmt":"2023-06-15T14:58:56","slug":"ciro-gomes-palestra-na-cdl-de-fortaleza-nesta-quinta-feira-sobre-cenario-economico-nacional","status":"publish","type":"post","link":"https:\/\/blogdorogeriogomes.com.br\/noticias\/2023\/06\/ciro-gomes-palestra-na-cdl-de-fortaleza-nesta-quinta-feira-sobre-cenario-economico-nacional\/","title":{"rendered":"Ciro Gomes palestra na CDL de Fortaleza nesta quinta-feira sobre cen\u00e1rio econ\u00f4mico nacional"},"content":{"rendered":"\n<p>O ex-ministro Ciro Gomes (PDT) faz palestra nesta quinta-feira, dia 15 de junho, no audit\u00f3rio da C\u00e2mara dos Dirigentes Lojistas (CDL) de Fortaleza. O tema ser\u00e1 as \u201cPerspectivas da Economia Brasileira\u201d. O evento est\u00e1 previsto para \u00e0s 19 horas e ser\u00e1 aberto ao p\u00fablico. Por\u00e9m, \u00e9 necess\u00e1rio fazer a confirma\u00e7\u00e3o da presen\u00e7a na palestra pelos telefones (85) 3433 3012 ou 3433 3013, devido ao n\u00famero limitado de lugares no audit\u00f3rio.<\/p>\n\n\n\n<p>Ciro Gomes, que foi candidato \u00e0 presid\u00eancia da Rep\u00fablica em 2022,&nbsp; vai fazer uma an\u00e1lise da atual situa\u00e7\u00e3o econ\u00f4mica do Pa\u00eds, que v\u00eam sendo conduzida pelo Governo Lula. O ex-ministro deve fazer uma avalia\u00e7\u00e3o da pol\u00edtica adotada pelo ministro da Economia, Fernando Haddad.<\/p>\n\n\n\n<p>A pol\u00edtica tamb\u00e9m deve fazer parte da fala do ex-ministro. Ciro Gomes hoje integra a ala do PDT no Cear\u00e1, que defende distanciamento de Lula e do governador Elmano de Freitas (PT). Aliado do ex-prefeito Roberto Cl\u00e1udio (PDT), o ex-ministro \u00e9 defensor da reelei\u00e7\u00e3o do prefeito Jos\u00e9 Sarto (PDT) em Fortaleza.<\/p>\n\n\n\n<figure class=\"wp-block-image size-full\"><img loading=\"lazy\" decoding=\"async\" width=\"685\" height=\"448\" src=\"https:\/\/blogdorogeriogomes.com.br\/wp-content\/uploads\/2023\/06\/images-34.jpeg\" alt=\"\" class=\"wp-image-29574\" srcset=\"https:\/\/blogdorogeriogomes.com.br\/noticias\/wp-content\/uploads\/2023\/06\/images-34.jpeg 685w, https:\/\/blogdorogeriogomes.com.br\/noticias\/wp-content\/uploads\/2023\/06\/images-34-300x196.jpeg 300w\" sizes=\"auto, (max-width: 685px) 100vw, 685px\" \/><\/figure>\n","protected":false},"excerpt":{"rendered":"<p>O ex-ministro Ciro Gomes (PDT) faz palestra nesta quinta-feira, dia 15 de junho, no audit\u00f3rio da C\u00e2mara dos Dirigentes Lojistas (CDL) de Fortaleza. O tema ser\u00e1 as \u201cPerspectivas da Economia Brasileira\u201d. O evento est\u00e1 previsto para \u00e0s 19 horas e ser\u00e1 aberto ao p\u00fablico. Por\u00e9m, \u00e9 necess\u00e1rio fazer a confirma\u00e7\u00e3o da presen\u00e7a na palestra pelos telefones (85) 3433 3012 ou 3433 3013, devido ao n\u00famero limitado de lugares no audit\u00f3rio. Ciro Gomes, que foi candidato \u00e0 presid\u00eancia da Rep\u00fablica&hellip;<\/p>\n","protected":false},"author":1,"featured_media":29574,"comment_status":"open","ping_status":"open","sticky":false,"template":"","format":"standard","meta":{"footnotes":""},"categories":[1],"tags":[],"class_list":["post-29573","post","type-post","status-publish","format-standard","has-post-thumbnail","hentry","category-noticias"],"_links":{"self":[{"href":"https:\/\/blogdorogeriogomes.com.br\/noticias\/wp-json\/wp\/v2\/posts\/29573","targetHints":{"allow":["GET"]}}],"collection":[{"href":"https:\/\/blogdorogeriogomes.com.br\/noticias\/wp-json\/wp\/v2\/posts"}],"about":[{"href":"https:\/\/blogdorogeriogomes.com.br\/noticias\/wp-json\/wp\/v2\/types\/post"}],"author":[{"embeddable":true,"href":"https:\/\/blogdorogeriogomes.com.br\/noticias\/wp-json\/wp\/v2\/users\/1"}],"replies":[{"embeddable":true,"href":"https:\/\/blogdorogeriogomes.com.br\/noticias\/wp-json\/wp\/v2\/comments?post=29573"}],"version-history":[{"count":2,"href":"https:\/\/blogdorogeriogomes.com.br\/noticias\/wp-json\/wp\/v2\/posts\/29573\/revisions"}],"predecessor-version":[{"id":29588,"href":"https:\/\/blogdorogeriogomes.com.br\/noticias\/wp-json\/wp\/v2\/posts\/29573\/revisions\/29588"}],"wp:featuredmedia":[{"embeddable":true,"href":"https:\/\/blogdorogeriogomes.com.br\/noticias\/wp-json\/wp\/v2\/media\/29574"}],"wp:attachment":[{"href":"https:\/\/blogdorogeriogomes.com.br\/noticias\/wp-json\/wp\/v2\/media?parent=29573"}],"wp:term":[{"taxonomy":"category","embeddable":true,"href":"https:\/\/blogdorogeriogomes.com.br\/noticias\/wp-json\/wp\/v2\/categories?post=29573"},{"taxonomy":"post_tag","embeddable":true,"href":"https:\/\/blogdorogeriogomes.com.br\/noticias\/wp-json\/wp\/v2\/tags?post=29573"}],"curies":[{"name":"wp","href":"https:\/\/api.w.org\/{rel}","templated":true}]}}