{"id":29576,"date":"2023-06-15T11:39:47","date_gmt":"2023-06-15T11:39:47","guid":{"rendered":"https:\/\/blogdorogeriogomes.com.br\/?p=29576"},"modified":"2023-06-15T14:58:47","modified_gmt":"2023-06-15T14:58:47","slug":"elmano-de-freitas-lanca-ceara-sem-fome-nesta-sexta-feira-com-a-presenca-de-dois-ministros-do-governo-lula","status":"publish","type":"post","link":"https:\/\/blogdorogeriogomes.com.br\/noticias\/2023\/06\/elmano-de-freitas-lanca-ceara-sem-fome-nesta-sexta-feira-com-a-presenca-de-dois-ministros-do-governo-lula\/","title":{"rendered":"Elmano de Freitas lan\u00e7a &#8220;Cear\u00e1 Sem Fome&#8221; nesta sexta-feira com a presen\u00e7a de dois ministros do Governo Lula"},"content":{"rendered":"\n<p>O governador do Cear\u00e1, Elmano de Freitas (PT), lan\u00e7a nesta sexta-feira, dia 15 de junho, no Centro de Eventos do Cear\u00e1, o programa &#8220;Cear\u00e1 Sem Fome&#8221;, que \u00e9 um dos seus compromissos de campanha. O evento de lan\u00e7amento do programa ter\u00e1 a presen\u00e7a dos ministros de Desenvolvimento Social,&nbsp;Wellington Dias, e de Integra\u00e7\u00e3o e do Desenvolvimento Regional,&nbsp;Waldez G\u00f3es.<\/p>\n\n\n\n<p>Ser\u00e3o entregues cart\u00f5es-alimenta\u00e7\u00e3o a fam\u00edlias em situa\u00e7\u00e3o de vulnerabilidade social nos 184 munic\u00edpios cearenses. O valor \u00e9 de R$ 300 mensais e deve atender cerca de 45 mil fam\u00edlias. O benef\u00edcio ser\u00e1 de R$ 300 mensais e deve atender cerca de 45 mil fam\u00edlias cearenses em situa\u00e7\u00e3o de vulnerabilidade social. O benef\u00edcio deve ser usado, exclusivamente, para a aquisi\u00e7\u00e3o de alimentos.<\/p>\n\n\n\n<p>O Cear\u00e1 Sem Fome, que tem a coordena\u00e7\u00e3o da primeira-dama Lia de Freitas, tamb\u00e9m prev\u00ea o apoio financeiro a cozinhas solid\u00e1rias para o fornecimento de refei\u00e7\u00f5es di\u00e1rias para fam\u00edlias carentes.&nbsp;<\/p>\n\n\n\n<figure class=\"wp-block-image size-large\"><img loading=\"lazy\" decoding=\"async\" width=\"1024\" height=\"576\" src=\"https:\/\/blogdorogeriogomes.com.br\/wp-content\/uploads\/2023\/06\/ministros-1024x576.jpg\" alt=\"\" class=\"wp-image-29577\" srcset=\"https:\/\/blogdorogeriogomes.com.br\/noticias\/wp-content\/uploads\/2023\/06\/ministros-1024x576.jpg 1024w, https:\/\/blogdorogeriogomes.com.br\/noticias\/wp-content\/uploads\/2023\/06\/ministros-300x169.jpg 300w, https:\/\/blogdorogeriogomes.com.br\/noticias\/wp-content\/uploads\/2023\/06\/ministros-768x432.jpg 768w, https:\/\/blogdorogeriogomes.com.br\/noticias\/wp-content\/uploads\/2023\/06\/ministros-800x450.jpg 800w, https:\/\/blogdorogeriogomes.com.br\/noticias\/wp-content\/uploads\/2023\/06\/ministros.jpg 1200w\" sizes=\"auto, (max-width: 1024px) 100vw, 1024px\" \/><\/figure>\n","protected":false},"excerpt":{"rendered":"<p>O governador do Cear\u00e1, Elmano de Freitas (PT), lan\u00e7a nesta sexta-feira, dia 15 de junho, no Centro de Eventos do Cear\u00e1, o programa &#8220;Cear\u00e1 Sem Fome&#8221;, que \u00e9 um dos seus compromissos de campanha. O evento de lan\u00e7amento do programa ter\u00e1 a presen\u00e7a dos ministros de Desenvolvimento Social,&nbsp;Wellington Dias, e de Integra\u00e7\u00e3o e do Desenvolvimento Regional,&nbsp;Waldez G\u00f3es. Ser\u00e3o entregues cart\u00f5es-alimenta\u00e7\u00e3o a fam\u00edlias em situa\u00e7\u00e3o de vulnerabilidade social nos 184 munic\u00edpios cearenses. O valor \u00e9 de R$ 300 mensais e&hellip;<\/p>\n","protected":false},"author":1,"featured_media":29577,"comment_status":"open","ping_status":"open","sticky":false,"template":"","format":"standard","meta":{"footnotes":""},"categories":[1],"tags":[],"class_list":["post-29576","post","type-post","status-publish","format-standard","has-post-thumbnail","hentry","category-noticias"],"_links":{"self":[{"href":"https:\/\/blogdorogeriogomes.com.br\/noticias\/wp-json\/wp\/v2\/posts\/29576","targetHints":{"allow":["GET"]}}],"collection":[{"href":"https:\/\/blogdorogeriogomes.com.br\/noticias\/wp-json\/wp\/v2\/posts"}],"about":[{"href":"https:\/\/blogdorogeriogomes.com.br\/noticias\/wp-json\/wp\/v2\/types\/post"}],"author":[{"embeddable":true,"href":"https:\/\/blogdorogeriogomes.com.br\/noticias\/wp-json\/wp\/v2\/users\/1"}],"replies":[{"embeddable":true,"href":"https:\/\/blogdorogeriogomes.com.br\/noticias\/wp-json\/wp\/v2\/comments?post=29576"}],"version-history":[{"count":2,"href":"https:\/\/blogdorogeriogomes.com.br\/noticias\/wp-json\/wp\/v2\/posts\/29576\/revisions"}],"predecessor-version":[{"id":29587,"href":"https:\/\/blogdorogeriogomes.com.br\/noticias\/wp-json\/wp\/v2\/posts\/29576\/revisions\/29587"}],"wp:featuredmedia":[{"embeddable":true,"href":"https:\/\/blogdorogeriogomes.com.br\/noticias\/wp-json\/wp\/v2\/media\/29577"}],"wp:attachment":[{"href":"https:\/\/blogdorogeriogomes.com.br\/noticias\/wp-json\/wp\/v2\/media?parent=29576"}],"wp:term":[{"taxonomy":"category","embeddable":true,"href":"https:\/\/blogdorogeriogomes.com.br\/noticias\/wp-json\/wp\/v2\/categories?post=29576"},{"taxonomy":"post_tag","embeddable":true,"href":"https:\/\/blogdorogeriogomes.com.br\/noticias\/wp-json\/wp\/v2\/tags?post=29576"}],"curies":[{"name":"wp","href":"https:\/\/api.w.org\/{rel}","templated":true}]}}