{"id":29579,"date":"2023-06-15T13:09:05","date_gmt":"2023-06-15T13:09:05","guid":{"rendered":"https:\/\/blogdorogeriogomes.com.br\/?p=29579"},"modified":"2023-06-15T14:58:35","modified_gmt":"2023-06-15T14:58:35","slug":"encontro-sesc-povos-do-mar-movimenta-comunidades-em-fortaleza-e-iparana-a-partir-do-proximo-domingo","status":"publish","type":"post","link":"https:\/\/blogdorogeriogomes.com.br\/noticias\/2023\/06\/encontro-sesc-povos-do-mar-movimenta-comunidades-em-fortaleza-e-iparana-a-partir-do-proximo-domingo\/","title":{"rendered":"Encontro Sesc Povos do Mar movimenta comunidades em Fortaleza e Iparana a partir do pr\u00f3ximo domingo"},"content":{"rendered":"\n<p>O Encontro Sesc Povos do Mar ser\u00e1 realizado de 18 a 22 de junho, em Caucaia, na Regi\u00e3o Metropolitana de Fortaleza. O evento, que chega \u00e0 sua 13a edi\u00e7\u00e3o, vai contar com a presen\u00e7a de 200 comunidades do litoral de 25 munic\u00edpios cearenses, e ser\u00e3o debatidos temas sobre pr\u00e1ticas inerentes \u00e0 cultura local. Os encontros ser\u00e3o sediados no Sesc Iparana Hotel Ecol\u00f3gico.<\/p>\n\n\n\n<p>Para a abertura do evento no domingo, dia 18, vai ser realizada, durante a manh\u00e3, a exposi\u00e7\u00e3o flutuante Aquavelas, em Fortaleza. As 55 jangadas que constituem o espet\u00e1culo devem partir da Enseada do Mucuripe, \u00e0s 7 horas, em dire\u00e7\u00e3o ao Mercado dos Peixes. No per\u00edodo da noite, Geraldo Azevedo vai fazer um show para todos os presentes no&nbsp;Sesc Iparana Hotel Ecol\u00f3gico.&nbsp;<\/p>\n\n\n\n<figure class=\"wp-block-image size-full\"><img loading=\"lazy\" decoding=\"async\" width=\"818\" height=\"460\" src=\"https:\/\/blogdorogeriogomes.com.br\/wp-content\/uploads\/2023\/06\/1_1_encontro_sesc_povos_do_mar_17671867-22274925.jpg\" alt=\"\" class=\"wp-image-29580\" srcset=\"https:\/\/blogdorogeriogomes.com.br\/noticias\/wp-content\/uploads\/2023\/06\/1_1_encontro_sesc_povos_do_mar_17671867-22274925.jpg 818w, https:\/\/blogdorogeriogomes.com.br\/noticias\/wp-content\/uploads\/2023\/06\/1_1_encontro_sesc_povos_do_mar_17671867-22274925-300x169.jpg 300w, https:\/\/blogdorogeriogomes.com.br\/noticias\/wp-content\/uploads\/2023\/06\/1_1_encontro_sesc_povos_do_mar_17671867-22274925-768x432.jpg 768w, https:\/\/blogdorogeriogomes.com.br\/noticias\/wp-content\/uploads\/2023\/06\/1_1_encontro_sesc_povos_do_mar_17671867-22274925-800x450.jpg 800w\" sizes=\"auto, (max-width: 818px) 100vw, 818px\" \/><\/figure>\n","protected":false},"excerpt":{"rendered":"<p>O Encontro Sesc Povos do Mar ser\u00e1 realizado de 18 a 22 de junho, em Caucaia, na Regi\u00e3o Metropolitana de Fortaleza. O evento, que chega \u00e0 sua 13a edi\u00e7\u00e3o, vai contar com a presen\u00e7a de 200 comunidades do litoral de 25 munic\u00edpios cearenses, e ser\u00e3o debatidos temas sobre pr\u00e1ticas inerentes \u00e0 cultura local. Os encontros ser\u00e3o sediados no Sesc Iparana Hotel Ecol\u00f3gico. Para a abertura do evento no domingo, dia 18, vai ser realizada, durante a manh\u00e3, a exposi\u00e7\u00e3o&hellip;<\/p>\n","protected":false},"author":1,"featured_media":29580,"comment_status":"open","ping_status":"open","sticky":false,"template":"","format":"standard","meta":{"footnotes":""},"categories":[1],"tags":[],"class_list":["post-29579","post","type-post","status-publish","format-standard","has-post-thumbnail","hentry","category-noticias"],"_links":{"self":[{"href":"https:\/\/blogdorogeriogomes.com.br\/noticias\/wp-json\/wp\/v2\/posts\/29579","targetHints":{"allow":["GET"]}}],"collection":[{"href":"https:\/\/blogdorogeriogomes.com.br\/noticias\/wp-json\/wp\/v2\/posts"}],"about":[{"href":"https:\/\/blogdorogeriogomes.com.br\/noticias\/wp-json\/wp\/v2\/types\/post"}],"author":[{"embeddable":true,"href":"https:\/\/blogdorogeriogomes.com.br\/noticias\/wp-json\/wp\/v2\/users\/1"}],"replies":[{"embeddable":true,"href":"https:\/\/blogdorogeriogomes.com.br\/noticias\/wp-json\/wp\/v2\/comments?post=29579"}],"version-history":[{"count":2,"href":"https:\/\/blogdorogeriogomes.com.br\/noticias\/wp-json\/wp\/v2\/posts\/29579\/revisions"}],"predecessor-version":[{"id":29586,"href":"https:\/\/blogdorogeriogomes.com.br\/noticias\/wp-json\/wp\/v2\/posts\/29579\/revisions\/29586"}],"wp:featuredmedia":[{"embeddable":true,"href":"https:\/\/blogdorogeriogomes.com.br\/noticias\/wp-json\/wp\/v2\/media\/29580"}],"wp:attachment":[{"href":"https:\/\/blogdorogeriogomes.com.br\/noticias\/wp-json\/wp\/v2\/media?parent=29579"}],"wp:term":[{"taxonomy":"category","embeddable":true,"href":"https:\/\/blogdorogeriogomes.com.br\/noticias\/wp-json\/wp\/v2\/categories?post=29579"},{"taxonomy":"post_tag","embeddable":true,"href":"https:\/\/blogdorogeriogomes.com.br\/noticias\/wp-json\/wp\/v2\/tags?post=29579"}],"curies":[{"name":"wp","href":"https:\/\/api.w.org\/{rel}","templated":true}]}}