{"id":29582,"date":"2023-06-15T13:13:32","date_gmt":"2023-06-15T13:13:32","guid":{"rendered":"https:\/\/blogdorogeriogomes.com.br\/?p=29582"},"modified":"2023-06-15T14:58:23","modified_gmt":"2023-06-15T14:58:23","slug":"na-alemanha-comitiva-cearense-participa-da-intersolar-europe-a-maior-feira-de-energia-solar-do-mundo","status":"publish","type":"post","link":"https:\/\/blogdorogeriogomes.com.br\/noticias\/2023\/06\/na-alemanha-comitiva-cearense-participa-da-intersolar-europe-a-maior-feira-de-energia-solar-do-mundo\/","title":{"rendered":"Na Alemanha, comitiva cearense participa da Intersolar Europe, a maior feira de energia solar do mundo"},"content":{"rendered":"\n<p>Em miss\u00e3o internacional na Alemanha, Paulo Andr\u00e9 Holanda, Diretor Regional do SENAI e Superintendente Regional do SESI Cear\u00e1, participou&nbsp; da Intersolar Europe, em Munique, considerada a maior feira de energia solar do mundo. Acompanhado do Gerente do Instituto SENAI de Tecnologia (IST) e do Centro de Inova\u00e7\u00e3o do SESI (CIS), Carlos Egberto Mesquita, e de Isabela Maciel, Assessora Especialista em Transi\u00e7\u00e3o Energ\u00e9tica do SESI\/SENAI, Holanda esteve no evento que re\u00fane investidores, grandes fabricantes e interessados no assunto.<\/p>\n\n\n\n<p>No mesmo local, o Centro Internacional de Congressos de Munique, acontecem outras tr\u00eas feiras: EM-Power, Power2Drive,&nbsp; Electrical Energy Storage. Um ambiente interativo que proporciona aos participantes uma verdadeira imers\u00e3o nas novas tecnologias do setor.<\/p>\n\n\n\n<p><img decoding=\"async\" alt=\"\" src=\"https:\/\/arquivos.sfiec.org.br\/sfiec\/files\/images\/Paulo-Andre-Holanda-na-Alemanha-2023-Dia-3_01.jpg\">No primeiro dia de evento, a comitiva se reuniu com a Thyssenkrupp, uma empresa alem\u00e3 l\u00edder no com\u00e9rcio de materiais, principalmente a\u00e7o, a\u00e7o inoxid\u00e1vel e metais n\u00e3o ferrosos. Em seguida, a comitiva do SENAI se reuniu com o Country Manager da SMA no Brasil, Andr\u00e9 Fehler, que apresentou o mais novo lan\u00e7amento da marca, um inversor h\u00edbrido com controle inteligente. Fehler refor\u00e7ou a import\u00e2ncia do trabalho de institui\u00e7\u00f5es de ensino de alta qualidade, como o SENAI.<\/p>\n\n\n\n<figure class=\"wp-block-image size-full\"><img loading=\"lazy\" decoding=\"async\" width=\"853\" height=\"567\" src=\"https:\/\/blogdorogeriogomes.com.br\/wp-content\/uploads\/2023\/06\/Paulo-Andre-Holanda-na-Alemanha-2023-Dia-3_02.jpg\" alt=\"\" class=\"wp-image-29583\" srcset=\"https:\/\/blogdorogeriogomes.com.br\/noticias\/wp-content\/uploads\/2023\/06\/Paulo-Andre-Holanda-na-Alemanha-2023-Dia-3_02.jpg 853w, https:\/\/blogdorogeriogomes.com.br\/noticias\/wp-content\/uploads\/2023\/06\/Paulo-Andre-Holanda-na-Alemanha-2023-Dia-3_02-300x199.jpg 300w, https:\/\/blogdorogeriogomes.com.br\/noticias\/wp-content\/uploads\/2023\/06\/Paulo-Andre-Holanda-na-Alemanha-2023-Dia-3_02-768x510.jpg 768w, https:\/\/blogdorogeriogomes.com.br\/noticias\/wp-content\/uploads\/2023\/06\/Paulo-Andre-Holanda-na-Alemanha-2023-Dia-3_02-800x532.jpg 800w\" sizes=\"auto, (max-width: 853px) 100vw, 853px\" \/><\/figure>\n","protected":false},"excerpt":{"rendered":"<p>Em miss\u00e3o internacional na Alemanha, Paulo Andr\u00e9 Holanda, Diretor Regional do SENAI e Superintendente Regional do SESI Cear\u00e1, participou&nbsp; da Intersolar Europe, em Munique, considerada a maior feira de energia solar do mundo. Acompanhado do Gerente do Instituto SENAI de Tecnologia (IST) e do Centro de Inova\u00e7\u00e3o do SESI (CIS), Carlos Egberto Mesquita, e de Isabela Maciel, Assessora Especialista em Transi\u00e7\u00e3o Energ\u00e9tica do SESI\/SENAI, Holanda esteve no evento que re\u00fane investidores, grandes fabricantes e interessados no assunto. No mesmo&hellip;<\/p>\n","protected":false},"author":1,"featured_media":29583,"comment_status":"open","ping_status":"open","sticky":false,"template":"","format":"standard","meta":{"footnotes":""},"categories":[1],"tags":[],"class_list":["post-29582","post","type-post","status-publish","format-standard","has-post-thumbnail","hentry","category-noticias"],"_links":{"self":[{"href":"https:\/\/blogdorogeriogomes.com.br\/noticias\/wp-json\/wp\/v2\/posts\/29582","targetHints":{"allow":["GET"]}}],"collection":[{"href":"https:\/\/blogdorogeriogomes.com.br\/noticias\/wp-json\/wp\/v2\/posts"}],"about":[{"href":"https:\/\/blogdorogeriogomes.com.br\/noticias\/wp-json\/wp\/v2\/types\/post"}],"author":[{"embeddable":true,"href":"https:\/\/blogdorogeriogomes.com.br\/noticias\/wp-json\/wp\/v2\/users\/1"}],"replies":[{"embeddable":true,"href":"https:\/\/blogdorogeriogomes.com.br\/noticias\/wp-json\/wp\/v2\/comments?post=29582"}],"version-history":[{"count":2,"href":"https:\/\/blogdorogeriogomes.com.br\/noticias\/wp-json\/wp\/v2\/posts\/29582\/revisions"}],"predecessor-version":[{"id":29585,"href":"https:\/\/blogdorogeriogomes.com.br\/noticias\/wp-json\/wp\/v2\/posts\/29582\/revisions\/29585"}],"wp:featuredmedia":[{"embeddable":true,"href":"https:\/\/blogdorogeriogomes.com.br\/noticias\/wp-json\/wp\/v2\/media\/29583"}],"wp:attachment":[{"href":"https:\/\/blogdorogeriogomes.com.br\/noticias\/wp-json\/wp\/v2\/media?parent=29582"}],"wp:term":[{"taxonomy":"category","embeddable":true,"href":"https:\/\/blogdorogeriogomes.com.br\/noticias\/wp-json\/wp\/v2\/categories?post=29582"},{"taxonomy":"post_tag","embeddable":true,"href":"https:\/\/blogdorogeriogomes.com.br\/noticias\/wp-json\/wp\/v2\/tags?post=29582"}],"curies":[{"name":"wp","href":"https:\/\/api.w.org\/{rel}","templated":true}]}}