{"id":29589,"date":"2023-06-15T15:32:28","date_gmt":"2023-06-15T15:32:28","guid":{"rendered":"https:\/\/blogdorogeriogomes.com.br\/?p=29589"},"modified":"2023-06-16T14:04:22","modified_gmt":"2023-06-16T14:04:22","slug":"pec-nordeste-2023-reune-segmentos-do-agronegocio-e-da-aquicultura-em-fortaleza","status":"publish","type":"post","link":"https:\/\/blogdorogeriogomes.com.br\/noticias\/2023\/06\/pec-nordeste-2023-reune-segmentos-do-agronegocio-e-da-aquicultura-em-fortaleza\/","title":{"rendered":"PEC Nordeste 2023 re\u00fane segmentos do agroneg\u00f3cio e da aquicultura em Fortaleza"},"content":{"rendered":"\n<p>Come\u00e7ou nesta quinta-feira, dia 15 de junho, a 26\u00aa edi\u00e7\u00e3o do Semin\u00e1rio Nordestino do Agro, o PEC Nordeste. O evento acontece at\u00e9 este s\u00e1bado, dia 17, no Centro de Eventos do Cear\u00e1 com a realiza\u00e7\u00e3o da Federa\u00e7\u00e3o da Agricultura e Pecu\u00e1ria do Estado do Cear\u00e1 (Faec).<\/p>\n\n\n\n<p>A abertura do evento teve a participa\u00e7\u00e3o do governador Elmano de Freitas, al\u00e9m de outras autoridades como o ex-ministro Ciro Gomes, do ex-prefeito de Fortaleza, Roberto Cl\u00e1udio, parlamentares e prefeitos de outros munic\u00edpios cearenses.<\/p>\n\n\n\n<p>Durante a solenidade de abertura do PEC Nordeste, o governador Elmano de Freitas anunciou que vai encaminhar \u00e0 Assembleia Legislativa um projeto de lei que simplifica o procedimento de licen\u00e7as ambientais para empreendimentos agr\u00edcolas no Cear\u00e1. A proposta flexibiliza a legisla\u00e7\u00e3o para atividades agr\u00edcolas com baixo potencial poluidor e concede at\u00e9 isen\u00e7\u00e3o de licenciamento para v\u00e1rias atividades como cria\u00e7\u00e3o de animais e cultivo de plantas e rosas.&nbsp;<\/p>\n\n\n\n<p>O PEC Nordeste \u00e9 uma das maiores feiras de agropecu\u00e1ria do Brasil, com cerca de 500 estandes e  espa\u00e7os para o segmento pet e para a agroind\u00fastria da cacha\u00e7a. Um dos destaques da edi\u00e7\u00e3o 2023 \u00e9 a presen\u00e7a, pela primeira vez, de representantes da aquicultura, reunido criadores de til\u00e1pia e camar\u00e3o. At\u00e9 este s\u00e1bado est\u00e3o previstas palestras, minicursos e mesas redondas.<\/p>\n\n\n\n<figure class=\"wp-block-image size-full\"><img loading=\"lazy\" decoding=\"async\" width=\"600\" height=\"400\" src=\"https:\/\/blogdorogeriogomes.com.br\/wp-content\/uploads\/2023\/06\/pec-nordeste.jpg\" alt=\"\" class=\"wp-image-29590\" srcset=\"https:\/\/blogdorogeriogomes.com.br\/noticias\/wp-content\/uploads\/2023\/06\/pec-nordeste.jpg 600w, https:\/\/blogdorogeriogomes.com.br\/noticias\/wp-content\/uploads\/2023\/06\/pec-nordeste-300x200.jpg 300w\" sizes=\"auto, (max-width: 600px) 100vw, 600px\" \/><\/figure>\n","protected":false},"excerpt":{"rendered":"<p>Come\u00e7ou nesta quinta-feira, dia 15 de junho, a 26\u00aa edi\u00e7\u00e3o do Semin\u00e1rio Nordestino do Agro, o PEC Nordeste. O evento acontece at\u00e9 este s\u00e1bado, dia 17, no Centro de Eventos do Cear\u00e1 com a realiza\u00e7\u00e3o da Federa\u00e7\u00e3o da Agricultura e Pecu\u00e1ria do Estado do Cear\u00e1 (Faec). A abertura do evento teve a participa\u00e7\u00e3o do governador Elmano de Freitas, al\u00e9m de outras autoridades como o ex-ministro Ciro Gomes, do ex-prefeito de Fortaleza, Roberto Cl\u00e1udio, parlamentares e prefeitos de outros munic\u00edpios&hellip;<\/p>\n","protected":false},"author":1,"featured_media":29590,"comment_status":"open","ping_status":"open","sticky":false,"template":"","format":"standard","meta":{"footnotes":""},"categories":[1],"tags":[],"class_list":["post-29589","post","type-post","status-publish","format-standard","has-post-thumbnail","hentry","category-noticias"],"_links":{"self":[{"href":"https:\/\/blogdorogeriogomes.com.br\/noticias\/wp-json\/wp\/v2\/posts\/29589","targetHints":{"allow":["GET"]}}],"collection":[{"href":"https:\/\/blogdorogeriogomes.com.br\/noticias\/wp-json\/wp\/v2\/posts"}],"about":[{"href":"https:\/\/blogdorogeriogomes.com.br\/noticias\/wp-json\/wp\/v2\/types\/post"}],"author":[{"embeddable":true,"href":"https:\/\/blogdorogeriogomes.com.br\/noticias\/wp-json\/wp\/v2\/users\/1"}],"replies":[{"embeddable":true,"href":"https:\/\/blogdorogeriogomes.com.br\/noticias\/wp-json\/wp\/v2\/comments?post=29589"}],"version-history":[{"count":2,"href":"https:\/\/blogdorogeriogomes.com.br\/noticias\/wp-json\/wp\/v2\/posts\/29589\/revisions"}],"predecessor-version":[{"id":29598,"href":"https:\/\/blogdorogeriogomes.com.br\/noticias\/wp-json\/wp\/v2\/posts\/29589\/revisions\/29598"}],"wp:featuredmedia":[{"embeddable":true,"href":"https:\/\/blogdorogeriogomes.com.br\/noticias\/wp-json\/wp\/v2\/media\/29590"}],"wp:attachment":[{"href":"https:\/\/blogdorogeriogomes.com.br\/noticias\/wp-json\/wp\/v2\/media?parent=29589"}],"wp:term":[{"taxonomy":"category","embeddable":true,"href":"https:\/\/blogdorogeriogomes.com.br\/noticias\/wp-json\/wp\/v2\/categories?post=29589"},{"taxonomy":"post_tag","embeddable":true,"href":"https:\/\/blogdorogeriogomes.com.br\/noticias\/wp-json\/wp\/v2\/tags?post=29589"}],"curies":[{"name":"wp","href":"https:\/\/api.w.org\/{rel}","templated":true}]}}