{"id":29592,"date":"2023-06-16T10:22:00","date_gmt":"2023-06-16T10:22:00","guid":{"rendered":"https:\/\/blogdorogeriogomes.com.br\/?p=29592"},"modified":"2023-06-16T14:04:39","modified_gmt":"2023-06-16T14:04:39","slug":"em-palestra-ex-ministro-ciro-gomes-diz-meu-ciclo-eleitoral-acabou","status":"publish","type":"post","link":"https:\/\/blogdorogeriogomes.com.br\/noticias\/2023\/06\/em-palestra-ex-ministro-ciro-gomes-diz-meu-ciclo-eleitoral-acabou\/","title":{"rendered":"Em palestra, ex-ministro Ciro Gomes diz: &#8220;Meu ciclo eleitoral acabou&#8221;"},"content":{"rendered":"\n<p>Falando a empres\u00e1rios, lojistas, pol\u00edticos e p\u00fablico em geral no audit\u00f3rio da CDL de Fortaleza, o ex-ministro Ciro Gomes (PDT) declarou que n\u00e3o deve voltar a se candidatar a mais nenhum cargo eletivo. &#8220;Meu ciclo eleitoral, meu apetite eleitoral acabou. Antes, eu me sentia obrigado a representar uma esp\u00e9cie de corrente de opini\u00e3o que tirava 10%, 12%, e agora praticamente me deixaram falando s\u00f3. Ent\u00e3o, eu t\u00f4 agora falando s\u00f3 por mim, o que me d\u00e1 uma liberdade muito grande&#8221;, disse Ciro, que terminou a corrida eleitoral pela Presid\u00eancia da Rep\u00fablica em 2022 na quarta coloca\u00e7\u00e3o, com apenas 3,04% dos votos.<\/p>\n\n\n\n<p>Ciro foi prestigiado na palestra tamb\u00e9m pela ala pedetista que o apoia, como \u00e9 o caso do prefeito Jos\u00e9 Sarto, o presidente da C\u00e2mara Municipal de Fortaleza, Gardel Rolim, o ex-prefeito Roberto Cl\u00e1udio e o deputado estadual Ant\u00f4nio Henrique.<\/p>\n\n\n\n<p>Ap\u00f3s as desaven\u00e7as eleitorais com o PT de Camilo Santana e Elmano de Freitas em 2022, Ciro Gomes continua afastado politicamente do irm\u00e3o, o senador Cid Gomes, que continua alinhado ao governo petista. Cid Gomes alimenta o desejo de assumir o comando estadual do PDT no lugar do deputado federal Andr\u00e9 Figueiredo.<\/p>\n\n\n\n<p>Para a disputa municipal em 2024, o ex-ministro Ciro Gomes acena que pretende ser cabo eleitoral do prefeito Jos\u00e9 Sarto, que buscar\u00e1 a reelei\u00e7\u00e3o. Dentro do PDT, no entanto, ainda tem muita discuss\u00e3o para acontecer at\u00e9 a campanha eleitoral do pr\u00f3ximo ano.<\/p>\n\n\n\n<figure class=\"wp-block-image size-large\"><img loading=\"lazy\" decoding=\"async\" width=\"1024\" height=\"682\" src=\"https:\/\/blogdorogeriogomes.com.br\/wp-content\/uploads\/2023\/06\/WhatsApp-Image-2023-06-15-at-19.30.20-1024x682.jpeg\" alt=\"\" class=\"wp-image-29593\" srcset=\"https:\/\/blogdorogeriogomes.com.br\/noticias\/wp-content\/uploads\/2023\/06\/WhatsApp-Image-2023-06-15-at-19.30.20-1024x682.jpeg 1024w, https:\/\/blogdorogeriogomes.com.br\/noticias\/wp-content\/uploads\/2023\/06\/WhatsApp-Image-2023-06-15-at-19.30.20-300x200.jpeg 300w, https:\/\/blogdorogeriogomes.com.br\/noticias\/wp-content\/uploads\/2023\/06\/WhatsApp-Image-2023-06-15-at-19.30.20-768x512.jpeg 768w, https:\/\/blogdorogeriogomes.com.br\/noticias\/wp-content\/uploads\/2023\/06\/WhatsApp-Image-2023-06-15-at-19.30.20-800x533.jpeg 800w, https:\/\/blogdorogeriogomes.com.br\/noticias\/wp-content\/uploads\/2023\/06\/WhatsApp-Image-2023-06-15-at-19.30.20.jpeg 1280w\" sizes=\"auto, (max-width: 1024px) 100vw, 1024px\" \/><\/figure>\n","protected":false},"excerpt":{"rendered":"<p>Falando a empres\u00e1rios, lojistas, pol\u00edticos e p\u00fablico em geral no audit\u00f3rio da CDL de Fortaleza, o ex-ministro Ciro Gomes (PDT) declarou que n\u00e3o deve voltar a se candidatar a mais nenhum cargo eletivo. &#8220;Meu ciclo eleitoral, meu apetite eleitoral acabou. Antes, eu me sentia obrigado a representar uma esp\u00e9cie de corrente de opini\u00e3o que tirava 10%, 12%, e agora praticamente me deixaram falando s\u00f3. Ent\u00e3o, eu t\u00f4 agora falando s\u00f3 por mim, o que me d\u00e1 uma liberdade muito&hellip;<\/p>\n","protected":false},"author":1,"featured_media":29593,"comment_status":"open","ping_status":"open","sticky":false,"template":"","format":"standard","meta":{"footnotes":""},"categories":[1],"tags":[],"class_list":["post-29592","post","type-post","status-publish","format-standard","has-post-thumbnail","hentry","category-noticias"],"_links":{"self":[{"href":"https:\/\/blogdorogeriogomes.com.br\/noticias\/wp-json\/wp\/v2\/posts\/29592","targetHints":{"allow":["GET"]}}],"collection":[{"href":"https:\/\/blogdorogeriogomes.com.br\/noticias\/wp-json\/wp\/v2\/posts"}],"about":[{"href":"https:\/\/blogdorogeriogomes.com.br\/noticias\/wp-json\/wp\/v2\/types\/post"}],"author":[{"embeddable":true,"href":"https:\/\/blogdorogeriogomes.com.br\/noticias\/wp-json\/wp\/v2\/users\/1"}],"replies":[{"embeddable":true,"href":"https:\/\/blogdorogeriogomes.com.br\/noticias\/wp-json\/wp\/v2\/comments?post=29592"}],"version-history":[{"count":1,"href":"https:\/\/blogdorogeriogomes.com.br\/noticias\/wp-json\/wp\/v2\/posts\/29592\/revisions"}],"predecessor-version":[{"id":29594,"href":"https:\/\/blogdorogeriogomes.com.br\/noticias\/wp-json\/wp\/v2\/posts\/29592\/revisions\/29594"}],"wp:featuredmedia":[{"embeddable":true,"href":"https:\/\/blogdorogeriogomes.com.br\/noticias\/wp-json\/wp\/v2\/media\/29593"}],"wp:attachment":[{"href":"https:\/\/blogdorogeriogomes.com.br\/noticias\/wp-json\/wp\/v2\/media?parent=29592"}],"wp:term":[{"taxonomy":"category","embeddable":true,"href":"https:\/\/blogdorogeriogomes.com.br\/noticias\/wp-json\/wp\/v2\/categories?post=29592"},{"taxonomy":"post_tag","embeddable":true,"href":"https:\/\/blogdorogeriogomes.com.br\/noticias\/wp-json\/wp\/v2\/tags?post=29592"}],"curies":[{"name":"wp","href":"https:\/\/api.w.org\/{rel}","templated":true}]}}