{"id":29595,"date":"2023-06-16T10:45:20","date_gmt":"2023-06-16T10:45:20","guid":{"rendered":"https:\/\/blogdorogeriogomes.com.br\/?p=29595"},"modified":"2023-06-16T14:04:48","modified_gmt":"2023-06-16T14:04:48","slug":"bolsonaristas-acusados-de-incentivar-atos-golpistas-vao-se-complicando-com-avanco-de-investigacoes-no-stf","status":"publish","type":"post","link":"https:\/\/blogdorogeriogomes.com.br\/noticias\/2023\/06\/bolsonaristas-acusados-de-incentivar-atos-golpistas-vao-se-complicando-com-avanco-de-investigacoes-no-stf\/","title":{"rendered":"Bolsonaristas acusados de incentivar atos golpistas v\u00e3o se complicando com avan\u00e7o de investiga\u00e7\u00f5es no STF"},"content":{"rendered":"\n<p>O avan\u00e7o das investiga\u00e7\u00f5es no Supremo Tribunal Federal (STF) sobre os atos golpistas de 8 de janeiro, em Bras\u00edlia, v\u00e3o complicando a vida de bolsonaristas &#8220;mais gra\u00fados&#8221;. Nas \u00faltimas 24 horas, foram revelados novos fatos comprometedores envolvendo o senador Marcos do Val e o Tenente-Coronel Mauro Cid.<\/p>\n\n\n\n<p>Endere\u00e7os ligados ao senador Marcos do Val (Podemos), em Bras\u00edlia e no Esp\u00edrito Santo, s\u00e3o alvo de<strong>&nbsp;<\/strong>busca e apreens\u00e3o da Pol\u00edcia Federal (PF). A a\u00e7\u00e3o conduzida por agentes da institui\u00e7\u00e3o nesta quinta-feira, dia 15 de junho,  segue uma determina\u00e7\u00e3o de mandado do ministro&nbsp;Alexandre de Moraes, do Supremo Tribunal Federal (STF). O senador \u00e9 investigado por tentar obstruir as&nbsp;investiga\u00e7\u00f5es sobre os atos de 8 de janeiro. Em fevereiro, Marcos do Val declarou que foi&nbsp;coagido pelo ex-presidente Jair Bolsonaro&nbsp;(PL) para se aliar a ele em um golpe de Estado ap\u00f3s a vit\u00f3ria de Lula nas elei\u00e7\u00f5es.<\/p>\n\n\n\n<p>Tamb\u00e9m nesta quinta-feira, a revista Veja revelou uma trama golpista contida no celular do tenente-coronel Mauro Cid, ex-ajudante de ordens de Jair Bolsonaro, que envolveu at\u00e9 mesmo integrantes do alto escal\u00e3o das For\u00e7as Armadas. Di\u00e1logos entre o coronel Jean Lawand Junior, ent\u00e3o subchefe do Estado Maior do Ex\u00e9rcito, e Mauro Cid atestam a participa\u00e7\u00e3o de Lawand no plano. Ap\u00f3s a derrota de Bolsonaro nas elei\u00e7\u00f5es, Lawand manteve contato frequente com Cid e exigiu repetidamente que o plano fosse colocado em pr\u00e1tica.&nbsp;<\/p>\n\n\n\n<p>Mauro Cid est\u00e1 preso desde o in\u00edcio de maio, ap\u00f3s uma opera\u00e7\u00e3o da Pol\u00edcia Federal sobre fraudes em cart\u00f5es de vacina da fam\u00edlia Bolsonaro, na qual seu telefone foi apreendido.<\/p>\n\n\n\n<figure class=\"wp-block-image size-full\"><img loading=\"lazy\" decoding=\"async\" width=\"640\" height=\"480\" src=\"https:\/\/blogdorogeriogomes.com.br\/wp-content\/uploads\/2023\/06\/images-35.jpeg\" alt=\"\" class=\"wp-image-29596\" srcset=\"https:\/\/blogdorogeriogomes.com.br\/noticias\/wp-content\/uploads\/2023\/06\/images-35.jpeg 640w, https:\/\/blogdorogeriogomes.com.br\/noticias\/wp-content\/uploads\/2023\/06\/images-35-300x225.jpeg 300w, https:\/\/blogdorogeriogomes.com.br\/noticias\/wp-content\/uploads\/2023\/06\/images-35-400x300.jpeg 400w\" sizes=\"auto, (max-width: 640px) 100vw, 640px\" \/><\/figure>\n","protected":false},"excerpt":{"rendered":"<p>O avan\u00e7o das investiga\u00e7\u00f5es no Supremo Tribunal Federal (STF) sobre os atos golpistas de 8 de janeiro, em Bras\u00edlia, v\u00e3o complicando a vida de bolsonaristas &#8220;mais gra\u00fados&#8221;. Nas \u00faltimas 24 horas, foram revelados novos fatos comprometedores envolvendo o senador Marcos do Val e o Tenente-Coronel Mauro Cid. Endere\u00e7os ligados ao senador Marcos do Val (Podemos), em Bras\u00edlia e no Esp\u00edrito Santo, s\u00e3o alvo de&nbsp;busca e apreens\u00e3o da Pol\u00edcia Federal (PF). A a\u00e7\u00e3o conduzida por agentes da institui\u00e7\u00e3o nesta quinta-feira,&hellip;<\/p>\n","protected":false},"author":1,"featured_media":29596,"comment_status":"open","ping_status":"open","sticky":false,"template":"","format":"standard","meta":{"footnotes":""},"categories":[1],"tags":[],"class_list":["post-29595","post","type-post","status-publish","format-standard","has-post-thumbnail","hentry","category-noticias"],"_links":{"self":[{"href":"https:\/\/blogdorogeriogomes.com.br\/noticias\/wp-json\/wp\/v2\/posts\/29595","targetHints":{"allow":["GET"]}}],"collection":[{"href":"https:\/\/blogdorogeriogomes.com.br\/noticias\/wp-json\/wp\/v2\/posts"}],"about":[{"href":"https:\/\/blogdorogeriogomes.com.br\/noticias\/wp-json\/wp\/v2\/types\/post"}],"author":[{"embeddable":true,"href":"https:\/\/blogdorogeriogomes.com.br\/noticias\/wp-json\/wp\/v2\/users\/1"}],"replies":[{"embeddable":true,"href":"https:\/\/blogdorogeriogomes.com.br\/noticias\/wp-json\/wp\/v2\/comments?post=29595"}],"version-history":[{"count":2,"href":"https:\/\/blogdorogeriogomes.com.br\/noticias\/wp-json\/wp\/v2\/posts\/29595\/revisions"}],"predecessor-version":[{"id":29599,"href":"https:\/\/blogdorogeriogomes.com.br\/noticias\/wp-json\/wp\/v2\/posts\/29595\/revisions\/29599"}],"wp:featuredmedia":[{"embeddable":true,"href":"https:\/\/blogdorogeriogomes.com.br\/noticias\/wp-json\/wp\/v2\/media\/29596"}],"wp:attachment":[{"href":"https:\/\/blogdorogeriogomes.com.br\/noticias\/wp-json\/wp\/v2\/media?parent=29595"}],"wp:term":[{"taxonomy":"category","embeddable":true,"href":"https:\/\/blogdorogeriogomes.com.br\/noticias\/wp-json\/wp\/v2\/categories?post=29595"},{"taxonomy":"post_tag","embeddable":true,"href":"https:\/\/blogdorogeriogomes.com.br\/noticias\/wp-json\/wp\/v2\/tags?post=29595"}],"curies":[{"name":"wp","href":"https:\/\/api.w.org\/{rel}","templated":true}]}}