{"id":29600,"date":"2023-06-16T17:39:27","date_gmt":"2023-06-16T17:39:27","guid":{"rendered":"https:\/\/blogdorogeriogomes.com.br\/?p=29600"},"modified":"2023-06-19T18:47:14","modified_gmt":"2023-06-19T18:47:14","slug":"ministro-camilo-santana-cumprira-agenda-em-fortaleza-com-inauguracoes-no-complexo-hospitalar-da-ufc","status":"publish","type":"post","link":"https:\/\/blogdorogeriogomes.com.br\/noticias\/2023\/06\/ministro-camilo-santana-cumprira-agenda-em-fortaleza-com-inauguracoes-no-complexo-hospitalar-da-ufc\/","title":{"rendered":"Ministro Camilo Santana cumprir\u00e1 agenda em Fortaleza com inaugura\u00e7\u00f5es no Complexo Hospitalar da UFC"},"content":{"rendered":"\n<p>O ministro da Educa\u00e7\u00e3o, Camilo Santana, cumpre agenda na pr\u00f3xima segunda-feira, dia 19 de junho, em Fortaleza. \u00c0s 9 horas, ele estar\u00e1 no Complexo Hospitalar da Universidade Federal do Cear\u00e1, vinculado \u00e0 Empresa Brasileira de Servi\u00e7os Hospitalares (Ebserh), que vai inaugurar quatro novas instala\u00e7\u00f5es: as enfermarias das Cl\u00ednicas Cir\u00fargicas, o Ambulat\u00f3rio Materno-Fetal, a sala de arquivos do Centro de Pesquisas Cl\u00ednicas e a Casa Viva, local voltado \u00e0 qualidade de vida e \u00e0 sa\u00fade do trabalhador. Foram pouco mais de R$ 9,4 milh\u00f5es investidos para as obras, custeados pelo Programa Nacional de Reestrutura\u00e7\u00e3o dos Hospitais Universit\u00e1rios Federais, o Rehuf.&nbsp; A cerim\u00f4nia de entrega contar\u00e1 ainda com a presen\u00e7a do presidente da Ebserh, Arthur Chioro.<\/p>\n\n\n\n<p>O Hospital Universit\u00e1rio Walter Cant\u00eddio e a Maternidade-Escola Assis Chateaubriand, do Complexo Hospitalar da UFC\/Ebserh, fazem parte da Rede Ebserh desde novembro de 2013. Vinculada ao Minist\u00e9rio da Educa\u00e7\u00e3o (MEC), a Ebserh foi criada em 2011 e, atualmente, administra 41 hospitais universit\u00e1rios federais.<\/p>\n\n\n\n<figure class=\"wp-block-image size-large\"><img loading=\"lazy\" decoding=\"async\" width=\"1024\" height=\"768\" src=\"https:\/\/blogdorogeriogomes.com.br\/wp-content\/uploads\/2023\/06\/IMG-20230616-WA0076-1024x768.jpg\" alt=\"\" class=\"wp-image-29601\" srcset=\"https:\/\/blogdorogeriogomes.com.br\/noticias\/wp-content\/uploads\/2023\/06\/IMG-20230616-WA0076-1024x768.jpg 1024w, https:\/\/blogdorogeriogomes.com.br\/noticias\/wp-content\/uploads\/2023\/06\/IMG-20230616-WA0076-300x225.jpg 300w, https:\/\/blogdorogeriogomes.com.br\/noticias\/wp-content\/uploads\/2023\/06\/IMG-20230616-WA0076-768x576.jpg 768w, https:\/\/blogdorogeriogomes.com.br\/noticias\/wp-content\/uploads\/2023\/06\/IMG-20230616-WA0076-1536x1152.jpg 1536w, https:\/\/blogdorogeriogomes.com.br\/noticias\/wp-content\/uploads\/2023\/06\/IMG-20230616-WA0076-800x600.jpg 800w, https:\/\/blogdorogeriogomes.com.br\/noticias\/wp-content\/uploads\/2023\/06\/IMG-20230616-WA0076-400x300.jpg 400w, https:\/\/blogdorogeriogomes.com.br\/noticias\/wp-content\/uploads\/2023\/06\/IMG-20230616-WA0076.jpg 1600w\" sizes=\"auto, (max-width: 1024px) 100vw, 1024px\" \/><\/figure>\n","protected":false},"excerpt":{"rendered":"<p>O ministro da Educa\u00e7\u00e3o, Camilo Santana, cumpre agenda na pr\u00f3xima segunda-feira, dia 19 de junho, em Fortaleza. \u00c0s 9 horas, ele estar\u00e1 no Complexo Hospitalar da Universidade Federal do Cear\u00e1, vinculado \u00e0 Empresa Brasileira de Servi\u00e7os Hospitalares (Ebserh), que vai inaugurar quatro novas instala\u00e7\u00f5es: as enfermarias das Cl\u00ednicas Cir\u00fargicas, o Ambulat\u00f3rio Materno-Fetal, a sala de arquivos do Centro de Pesquisas Cl\u00ednicas e a Casa Viva, local voltado \u00e0 qualidade de vida e \u00e0 sa\u00fade do trabalhador. Foram pouco mais&hellip;<\/p>\n","protected":false},"author":1,"featured_media":29601,"comment_status":"open","ping_status":"open","sticky":false,"template":"","format":"standard","meta":{"footnotes":""},"categories":[1],"tags":[],"class_list":["post-29600","post","type-post","status-publish","format-standard","has-post-thumbnail","hentry","category-noticias"],"_links":{"self":[{"href":"https:\/\/blogdorogeriogomes.com.br\/noticias\/wp-json\/wp\/v2\/posts\/29600","targetHints":{"allow":["GET"]}}],"collection":[{"href":"https:\/\/blogdorogeriogomes.com.br\/noticias\/wp-json\/wp\/v2\/posts"}],"about":[{"href":"https:\/\/blogdorogeriogomes.com.br\/noticias\/wp-json\/wp\/v2\/types\/post"}],"author":[{"embeddable":true,"href":"https:\/\/blogdorogeriogomes.com.br\/noticias\/wp-json\/wp\/v2\/users\/1"}],"replies":[{"embeddable":true,"href":"https:\/\/blogdorogeriogomes.com.br\/noticias\/wp-json\/wp\/v2\/comments?post=29600"}],"version-history":[{"count":2,"href":"https:\/\/blogdorogeriogomes.com.br\/noticias\/wp-json\/wp\/v2\/posts\/29600\/revisions"}],"predecessor-version":[{"id":29607,"href":"https:\/\/blogdorogeriogomes.com.br\/noticias\/wp-json\/wp\/v2\/posts\/29600\/revisions\/29607"}],"wp:featuredmedia":[{"embeddable":true,"href":"https:\/\/blogdorogeriogomes.com.br\/noticias\/wp-json\/wp\/v2\/media\/29601"}],"wp:attachment":[{"href":"https:\/\/blogdorogeriogomes.com.br\/noticias\/wp-json\/wp\/v2\/media?parent=29600"}],"wp:term":[{"taxonomy":"category","embeddable":true,"href":"https:\/\/blogdorogeriogomes.com.br\/noticias\/wp-json\/wp\/v2\/categories?post=29600"},{"taxonomy":"post_tag","embeddable":true,"href":"https:\/\/blogdorogeriogomes.com.br\/noticias\/wp-json\/wp\/v2\/tags?post=29600"}],"curies":[{"name":"wp","href":"https:\/\/api.w.org\/{rel}","templated":true}]}}