{"id":29606,"date":"2023-06-19T18:56:50","date_gmt":"2023-06-19T18:56:50","guid":{"rendered":"https:\/\/blogdorogeriogomes.com.br\/?p=29606"},"modified":"2023-06-23T14:26:35","modified_gmt":"2023-06-23T14:26:35","slug":"ministro-camilo-santana-minimiza-embates-politicos-entre-elmano-e-jose-sarto-durante-solenidade-de-inauguracao-na-ufc","status":"publish","type":"post","link":"https:\/\/blogdorogeriogomes.com.br\/noticias\/2023\/06\/ministro-camilo-santana-minimiza-embates-politicos-entre-elmano-e-jose-sarto-durante-solenidade-de-inauguracao-na-ufc\/","title":{"rendered":"Ministro Camilo Santana minimiza embates pol\u00edticos entre Elmano e Jos\u00e9 Sarto durante solenidade de inaugura\u00e7\u00e3o na UFC"},"content":{"rendered":"\n<p>Durante solenidade de inaugura\u00e7\u00e3o de novos equipamentos no Complexo Hospitalar da Universidade Federal do Cear\u00e1 (UFC), nesta segunda-feira, dia 19 de junho, em Fortaleza, o ministro da Educa\u00e7\u00e3o, Camilo Santana (PT), buscou minimizar os embates pol\u00edticos entre o grupo do governador Elmano de Freitas (PT) e do prefeito de Fortaleza, Jos\u00e9 Sarto (PDT). &nbsp;&#8220;As quest\u00f5es pol\u00edticas, a gente resolve isso na \u00e9poca da elei\u00e7\u00e3o&#8221;, disse o ministro ao ressaltar que \u00e9 necess\u00e1rio &#8220;unir as tr\u00eas esferas de governo&#8221;.&nbsp;<\/p>\n\n\n\n<p>Sarto n\u00e3o compareceu ao evento na UFC  e tem evitado ir a solenidades comandadas pelo governador petista, como foi o caso do lan\u00e7amento do programa Cear\u00e1 Sem Fome, \u00faltima sexta-feira, no Centro de Eventos do Cear\u00e1, onde Fortaleza \u00e9 um dos 184 munic\u00edpios contemplados.<\/p>\n\n\n\n<p>No evento realizado hoje na UFC, o ministro Camilo Santana ainda chamou o secret\u00e1rio de Sa\u00fade de Fortaleza, Galeno Taumaturgo, para subir ao palco durante a solenidade. &#8220;O nosso compromisso e responsabilidade \u00e9 trabalhar pelo povo&#8221;, disse Camilo numa refer\u00eancia ao distanciamento entre o seu grupo pol\u00edtico ao de Jos\u00e9 Sarto, Roberto Cl\u00e1udio e Ciro Gomes, todos do PDT.<\/p>\n\n\n\n<p>Em coletiva \u00e0 imprensa, Camilo Santana ainda disse que n\u00e3o iria responder \u00e0s cr\u00edticas de obras inacabadas do Governo Estadual feitas nas redes sociais pelo deputado federal Andr\u00e9 Figueiredo, que presidente o PDT estadual. &#8220;Eu n\u00e3o vou comentar esse tipo de informa\u00e7\u00e3o. A popula\u00e7\u00e3o do Cear\u00e1 nos conhece, sabe o nosso trabalho, reconheceu nas urnas. O que n\u00f3s vamos fazer agora \u00e9 arrega\u00e7ar as mangas. Eu, o Elmano, presidente Lula temos \u00e9 de trabalhar pelo povo cearense, pelo povo de Fortaleza&#8221;.<\/p>\n\n\n\n<figure class=\"wp-block-image size-full\"><img loading=\"lazy\" decoding=\"async\" width=\"723\" height=\"675\" src=\"https:\/\/blogdorogeriogomes.com.br\/wp-content\/uploads\/2023\/06\/IMG-20230619-WA00602.jpg\" alt=\"\" class=\"wp-image-29608\" srcset=\"https:\/\/blogdorogeriogomes.com.br\/noticias\/wp-content\/uploads\/2023\/06\/IMG-20230619-WA00602.jpg 723w, https:\/\/blogdorogeriogomes.com.br\/noticias\/wp-content\/uploads\/2023\/06\/IMG-20230619-WA00602-300x280.jpg 300w\" sizes=\"auto, (max-width: 723px) 100vw, 723px\" \/><\/figure>\n","protected":false},"excerpt":{"rendered":"<p>Durante solenidade de inaugura\u00e7\u00e3o de novos equipamentos no Complexo Hospitalar da Universidade Federal do Cear\u00e1 (UFC), nesta segunda-feira, dia 19 de junho, em Fortaleza, o ministro da Educa\u00e7\u00e3o, Camilo Santana (PT), buscou minimizar os embates pol\u00edticos entre o grupo do governador Elmano de Freitas (PT) e do prefeito de Fortaleza, Jos\u00e9 Sarto (PDT). &nbsp;&#8220;As quest\u00f5es pol\u00edticas, a gente resolve isso na \u00e9poca da elei\u00e7\u00e3o&#8221;, disse o ministro ao ressaltar que \u00e9 necess\u00e1rio &#8220;unir as tr\u00eas esferas de governo&#8221;.&nbsp; Sarto&hellip;<\/p>\n","protected":false},"author":1,"featured_media":29608,"comment_status":"open","ping_status":"open","sticky":false,"template":"","format":"standard","meta":{"footnotes":""},"categories":[1],"tags":[],"class_list":["post-29606","post","type-post","status-publish","format-standard","has-post-thumbnail","hentry","category-noticias"],"_links":{"self":[{"href":"https:\/\/blogdorogeriogomes.com.br\/noticias\/wp-json\/wp\/v2\/posts\/29606","targetHints":{"allow":["GET"]}}],"collection":[{"href":"https:\/\/blogdorogeriogomes.com.br\/noticias\/wp-json\/wp\/v2\/posts"}],"about":[{"href":"https:\/\/blogdorogeriogomes.com.br\/noticias\/wp-json\/wp\/v2\/types\/post"}],"author":[{"embeddable":true,"href":"https:\/\/blogdorogeriogomes.com.br\/noticias\/wp-json\/wp\/v2\/users\/1"}],"replies":[{"embeddable":true,"href":"https:\/\/blogdorogeriogomes.com.br\/noticias\/wp-json\/wp\/v2\/comments?post=29606"}],"version-history":[{"count":2,"href":"https:\/\/blogdorogeriogomes.com.br\/noticias\/wp-json\/wp\/v2\/posts\/29606\/revisions"}],"predecessor-version":[{"id":29656,"href":"https:\/\/blogdorogeriogomes.com.br\/noticias\/wp-json\/wp\/v2\/posts\/29606\/revisions\/29656"}],"wp:featuredmedia":[{"embeddable":true,"href":"https:\/\/blogdorogeriogomes.com.br\/noticias\/wp-json\/wp\/v2\/media\/29608"}],"wp:attachment":[{"href":"https:\/\/blogdorogeriogomes.com.br\/noticias\/wp-json\/wp\/v2\/media?parent=29606"}],"wp:term":[{"taxonomy":"category","embeddable":true,"href":"https:\/\/blogdorogeriogomes.com.br\/noticias\/wp-json\/wp\/v2\/categories?post=29606"},{"taxonomy":"post_tag","embeddable":true,"href":"https:\/\/blogdorogeriogomes.com.br\/noticias\/wp-json\/wp\/v2\/tags?post=29606"}],"curies":[{"name":"wp","href":"https:\/\/api.w.org\/{rel}","templated":true}]}}