{"id":29614,"date":"2023-06-20T12:30:47","date_gmt":"2023-06-20T12:30:47","guid":{"rendered":"https:\/\/blogdorogeriogomes.com.br\/?p=29614"},"modified":"2023-06-23T14:26:10","modified_gmt":"2023-06-23T14:26:10","slug":"prefeito-jose-sarto-envia-mensagem-a-camara-municipal-para-realizar-concurso-publico-para-o-iplanfor","status":"publish","type":"post","link":"https:\/\/blogdorogeriogomes.com.br\/noticias\/2023\/06\/prefeito-jose-sarto-envia-mensagem-a-camara-municipal-para-realizar-concurso-publico-para-o-iplanfor\/","title":{"rendered":"Prefeito Jos\u00e9 Sarto envia mensagem \u00e0 C\u00e2mara Municipal para realizar concurso p\u00fablico para o Iplanfor"},"content":{"rendered":"\n<p>O prefeito de Fortaleza, Jos\u00e9 Sarto (PDT), enviou nesta ter\u00e7a-feira, dia 20 de junho, para a C\u00e2mara Municipal o projeto de lei que cria cargos para a realiza\u00e7\u00e3o de novo concurso da Prefeitura. Com a aprova\u00e7\u00e3o da mat\u00e9ria, o plano \u00e9 lan\u00e7ar, ainda neste ano, o edital com 60 vagas para refor\u00e7ar os quadros do Instituto de Planejamento de Fortaleza (Iplanfor).<\/p>\n\n\n\n<p>&#8220;Queremos fortalecer a atua\u00e7\u00e3o do \u00f3rg\u00e3o, que tem a nobre miss\u00e3o de formular pol\u00edticas p\u00fablicas para o desenvolvimento da nossa Cidade de forma inovadora, acess\u00edvel e participativa, buscando sempre reduzir desigualdades sociais. Para isso, precisamos de corpo t\u00e9cnico qualificado, que atuar\u00e1 para construir solu\u00e7\u00f5es criativas para os nossos maiores desafios urbanos&#8221;, disse Sarto.<\/p>\n\n\n\n<p>Ser\u00e3o vagas para o cargo de Analista de Planejamento e Inova\u00e7\u00e3o Urbana, que requer gradua\u00e7\u00e3o no Ensino Superior. Esta semana , Jos\u00e9 Sarto se reuniu com o superintendente do Iplanfor, vice-prefeito \u00c9lcio Batista, para finalizar os \u00faltimos detalhes do certame. &#8220;Nossa ideia \u00e9 que o concurso seja realizado ainda neste ano e a gente possa convocar logo os aprovados&#8221;, finalizou o prefeito.<\/p>\n\n\n\n<figure class=\"wp-block-image size-full\"><img loading=\"lazy\" decoding=\"async\" width=\"878\" height=\"889\" src=\"https:\/\/blogdorogeriogomes.com.br\/wp-content\/uploads\/2023\/06\/IMG-20230620-WA0044.jpg\" alt=\"\" class=\"wp-image-29615\" srcset=\"https:\/\/blogdorogeriogomes.com.br\/noticias\/wp-content\/uploads\/2023\/06\/IMG-20230620-WA0044.jpg 878w, https:\/\/blogdorogeriogomes.com.br\/noticias\/wp-content\/uploads\/2023\/06\/IMG-20230620-WA0044-296x300.jpg 296w, https:\/\/blogdorogeriogomes.com.br\/noticias\/wp-content\/uploads\/2023\/06\/IMG-20230620-WA0044-768x778.jpg 768w, https:\/\/blogdorogeriogomes.com.br\/noticias\/wp-content\/uploads\/2023\/06\/IMG-20230620-WA0044-800x810.jpg 800w, https:\/\/blogdorogeriogomes.com.br\/noticias\/wp-content\/uploads\/2023\/06\/IMG-20230620-WA0044-50x52.jpg 50w\" sizes=\"auto, (max-width: 878px) 100vw, 878px\" \/><\/figure>\n","protected":false},"excerpt":{"rendered":"<p>O prefeito de Fortaleza, Jos\u00e9 Sarto (PDT), enviou nesta ter\u00e7a-feira, dia 20 de junho, para a C\u00e2mara Municipal o projeto de lei que cria cargos para a realiza\u00e7\u00e3o de novo concurso da Prefeitura. Com a aprova\u00e7\u00e3o da mat\u00e9ria, o plano \u00e9 lan\u00e7ar, ainda neste ano, o edital com 60 vagas para refor\u00e7ar os quadros do Instituto de Planejamento de Fortaleza (Iplanfor). &#8220;Queremos fortalecer a atua\u00e7\u00e3o do \u00f3rg\u00e3o, que tem a nobre miss\u00e3o de formular pol\u00edticas p\u00fablicas para o desenvolvimento&hellip;<\/p>\n","protected":false},"author":1,"featured_media":29615,"comment_status":"open","ping_status":"open","sticky":false,"template":"","format":"standard","meta":{"footnotes":""},"categories":[1],"tags":[],"class_list":["post-29614","post","type-post","status-publish","format-standard","has-post-thumbnail","hentry","category-noticias"],"_links":{"self":[{"href":"https:\/\/blogdorogeriogomes.com.br\/noticias\/wp-json\/wp\/v2\/posts\/29614","targetHints":{"allow":["GET"]}}],"collection":[{"href":"https:\/\/blogdorogeriogomes.com.br\/noticias\/wp-json\/wp\/v2\/posts"}],"about":[{"href":"https:\/\/blogdorogeriogomes.com.br\/noticias\/wp-json\/wp\/v2\/types\/post"}],"author":[{"embeddable":true,"href":"https:\/\/blogdorogeriogomes.com.br\/noticias\/wp-json\/wp\/v2\/users\/1"}],"replies":[{"embeddable":true,"href":"https:\/\/blogdorogeriogomes.com.br\/noticias\/wp-json\/wp\/v2\/comments?post=29614"}],"version-history":[{"count":1,"href":"https:\/\/blogdorogeriogomes.com.br\/noticias\/wp-json\/wp\/v2\/posts\/29614\/revisions"}],"predecessor-version":[{"id":29616,"href":"https:\/\/blogdorogeriogomes.com.br\/noticias\/wp-json\/wp\/v2\/posts\/29614\/revisions\/29616"}],"wp:featuredmedia":[{"embeddable":true,"href":"https:\/\/blogdorogeriogomes.com.br\/noticias\/wp-json\/wp\/v2\/media\/29615"}],"wp:attachment":[{"href":"https:\/\/blogdorogeriogomes.com.br\/noticias\/wp-json\/wp\/v2\/media?parent=29614"}],"wp:term":[{"taxonomy":"category","embeddable":true,"href":"https:\/\/blogdorogeriogomes.com.br\/noticias\/wp-json\/wp\/v2\/categories?post=29614"},{"taxonomy":"post_tag","embeddable":true,"href":"https:\/\/blogdorogeriogomes.com.br\/noticias\/wp-json\/wp\/v2\/tags?post=29614"}],"curies":[{"name":"wp","href":"https:\/\/api.w.org\/{rel}","templated":true}]}}