{"id":29617,"date":"2023-06-20T12:53:52","date_gmt":"2023-06-20T12:53:52","guid":{"rendered":"https:\/\/blogdorogeriogomes.com.br\/?p=29617"},"modified":"2023-06-23T14:26:00","modified_gmt":"2023-06-23T14:26:00","slug":"julgamento-de-pms-no-caso-da-chacina-do-curio-teve-inicio-no-forum-clovis-bevilaqua","status":"publish","type":"post","link":"https:\/\/blogdorogeriogomes.com.br\/noticias\/2023\/06\/julgamento-de-pms-no-caso-da-chacina-do-curio-teve-inicio-no-forum-clovis-bevilaqua\/","title":{"rendered":"Julgamento de PMs no caso da Chacina do Curi\u00f3 teve in\u00edcio no F\u00f3rum Cl\u00f3vis Bevil\u00e1qua"},"content":{"rendered":"\n<p>Teve in\u00edcio nesta ter\u00e7a-feira, dia 20 de junho, o julgamento dos primeiros PMs acusados de envolvimento na Chacina do Curi\u00f3. Quatro policiais militares s\u00e3o acusados de participa\u00e7\u00e3o na chacina ocorrida h\u00e1 sete anos na Grande Messejana, em Fortaleza. O julgamento acontece no 1\u00ba Sal\u00e3o do J\u00fari do F\u00f3rum Cl\u00f3vis Bevil\u00e1qua. No total, 30 r\u00e9us e outros 16 acusados tamb\u00e9m est\u00e3o previstos para ir a julgamento ainda neste ano.<\/p>\n\n\n\n<p>A chacina resultou no assassinato de 11 pessoas entre a noite do dia 11 de novembro e na madrugada do dia 12 de novembro de 2015. De acordo com o Minist\u00e9rio P\u00fablico do Cear\u00e1, os crimes foram motivados por vingan\u00e7a pela morte do soldado Valtemberg Chaves Serpa, assassinado horas antes ao proteger a mulher em uma tentativa de assalto, no Bairro Lagoa Redonda.<\/p>\n\n\n\n<figure class=\"wp-block-image size-full is-resized\"><img loading=\"lazy\" decoding=\"async\" src=\"https:\/\/blogdorogeriogomes.com.br\/wp-content\/uploads\/2023\/06\/images-36.jpeg\" alt=\"\" class=\"wp-image-29618\" width=\"330\" height=\"240\" srcset=\"https:\/\/blogdorogeriogomes.com.br\/noticias\/wp-content\/uploads\/2023\/06\/images-36.jpeg 400w, https:\/\/blogdorogeriogomes.com.br\/noticias\/wp-content\/uploads\/2023\/06\/images-36-300x218.jpeg 300w\" sizes=\"auto, (max-width: 330px) 100vw, 330px\" \/><\/figure>\n","protected":false},"excerpt":{"rendered":"<p>Teve in\u00edcio nesta ter\u00e7a-feira, dia 20 de junho, o julgamento dos primeiros PMs acusados de envolvimento na Chacina do Curi\u00f3. Quatro policiais militares s\u00e3o acusados de participa\u00e7\u00e3o na chacina ocorrida h\u00e1 sete anos na Grande Messejana, em Fortaleza. O julgamento acontece no 1\u00ba Sal\u00e3o do J\u00fari do F\u00f3rum Cl\u00f3vis Bevil\u00e1qua. No total, 30 r\u00e9us e outros 16 acusados tamb\u00e9m est\u00e3o previstos para ir a julgamento ainda neste ano. A chacina resultou no assassinato de 11 pessoas entre a noite&hellip;<\/p>\n","protected":false},"author":1,"featured_media":29618,"comment_status":"open","ping_status":"open","sticky":false,"template":"","format":"standard","meta":{"footnotes":""},"categories":[1],"tags":[],"class_list":["post-29617","post","type-post","status-publish","format-standard","has-post-thumbnail","hentry","category-noticias"],"_links":{"self":[{"href":"https:\/\/blogdorogeriogomes.com.br\/noticias\/wp-json\/wp\/v2\/posts\/29617","targetHints":{"allow":["GET"]}}],"collection":[{"href":"https:\/\/blogdorogeriogomes.com.br\/noticias\/wp-json\/wp\/v2\/posts"}],"about":[{"href":"https:\/\/blogdorogeriogomes.com.br\/noticias\/wp-json\/wp\/v2\/types\/post"}],"author":[{"embeddable":true,"href":"https:\/\/blogdorogeriogomes.com.br\/noticias\/wp-json\/wp\/v2\/users\/1"}],"replies":[{"embeddable":true,"href":"https:\/\/blogdorogeriogomes.com.br\/noticias\/wp-json\/wp\/v2\/comments?post=29617"}],"version-history":[{"count":1,"href":"https:\/\/blogdorogeriogomes.com.br\/noticias\/wp-json\/wp\/v2\/posts\/29617\/revisions"}],"predecessor-version":[{"id":29619,"href":"https:\/\/blogdorogeriogomes.com.br\/noticias\/wp-json\/wp\/v2\/posts\/29617\/revisions\/29619"}],"wp:featuredmedia":[{"embeddable":true,"href":"https:\/\/blogdorogeriogomes.com.br\/noticias\/wp-json\/wp\/v2\/media\/29618"}],"wp:attachment":[{"href":"https:\/\/blogdorogeriogomes.com.br\/noticias\/wp-json\/wp\/v2\/media?parent=29617"}],"wp:term":[{"taxonomy":"category","embeddable":true,"href":"https:\/\/blogdorogeriogomes.com.br\/noticias\/wp-json\/wp\/v2\/categories?post=29617"},{"taxonomy":"post_tag","embeddable":true,"href":"https:\/\/blogdorogeriogomes.com.br\/noticias\/wp-json\/wp\/v2\/tags?post=29617"}],"curies":[{"name":"wp","href":"https:\/\/api.w.org\/{rel}","templated":true}]}}