{"id":29620,"date":"2023-06-21T00:10:12","date_gmt":"2023-06-21T00:10:12","guid":{"rendered":"https:\/\/blogdorogeriogomes.com.br\/?p=29620"},"modified":"2023-06-23T14:25:50","modified_gmt":"2023-06-23T14:25:50","slug":"elmano-muda-comando-da-aesp-apos-denuncia-de-agressao-a-policial-feminina-durante-curso-de-formacao","status":"publish","type":"post","link":"https:\/\/blogdorogeriogomes.com.br\/noticias\/2023\/06\/elmano-muda-comando-da-aesp-apos-denuncia-de-agressao-a-policial-feminina-durante-curso-de-formacao\/","title":{"rendered":"Elmano muda comando da Aesp ap\u00f3s den\u00fancia de agress\u00e3o a policial feminina durante curso de forma\u00e7\u00e3o"},"content":{"rendered":"\n<p>O governador Elmano de Freitas (PT) determinou a a troca da dire\u00e7\u00e3o-geral da Academia Estadual de Seguran\u00e7a P\u00fablica (Aesp), que tem como novo diretor o Coronel Kilderlan Nascimento de Souza, ap\u00f3s a den\u00fancia de agress\u00e3o cometida por um policial de Tocantins, respons\u00e1vel por ministrar um dos m\u00f3dulos do Curso T\u00e1tico Policial Feminino na Academia Estadual de Seguran\u00e7a P\u00fablica (Aesp), contra uma policial civil do Maranh\u00e3o. &#8220;Determinei ao nosso secret\u00e1rio da Seguran\u00e7a P\u00fablica apura\u00e7\u00e3o rigorosa e imediata deste ocorrido, bem como a solicita\u00e7\u00e3o formal da instaura\u00e7\u00e3o de processo disciplinar para apurar o fato e todo apoio e acolhimento necess\u00e1rios \u00e0 v\u00edtima&#8221;, disse Elmano de Freitas. &#8220;N\u00e3o compactuamos e n\u00e3o vamos tolerar qualquer tipo de viol\u00eancia contra as mulheres, assim como quaisquer abusos dentro dos nossos cursos de forma\u00e7\u00e3o&#8221;, completou.<\/p>\n\n\n\n<p>A agente da Pol\u00edcia Civil do Maranh\u00e3o teve hematomas nas n\u00e1degas e divulgou o caso em suas redes sociais ap\u00f3s pedir para sair do curso e voltar ao estado maranhense.&nbsp;O caso aconteceu no \u00faltimo dia 8 de junho. O Coronel da PM Clauber Wagner Vieira de Paula estava na dire\u00e7\u00e3o-geral durante o epis\u00f3dio de agress\u00e3o e acabou exonerado da fun\u00e7\u00e3o.<\/p>\n\n\n\n<figure class=\"wp-block-image size-full\"><img loading=\"lazy\" decoding=\"async\" width=\"691\" height=\"444\" src=\"https:\/\/blogdorogeriogomes.com.br\/wp-content\/uploads\/2023\/06\/images-37.jpeg\" alt=\"\" class=\"wp-image-29621\" srcset=\"https:\/\/blogdorogeriogomes.com.br\/noticias\/wp-content\/uploads\/2023\/06\/images-37.jpeg 691w, https:\/\/blogdorogeriogomes.com.br\/noticias\/wp-content\/uploads\/2023\/06\/images-37-300x193.jpeg 300w\" sizes=\"auto, (max-width: 691px) 100vw, 691px\" \/><\/figure>\n\n\n\n<p><br><\/p>\n","protected":false},"excerpt":{"rendered":"<p>O governador Elmano de Freitas (PT) determinou a a troca da dire\u00e7\u00e3o-geral da Academia Estadual de Seguran\u00e7a P\u00fablica (Aesp), que tem como novo diretor o Coronel Kilderlan Nascimento de Souza, ap\u00f3s a den\u00fancia de agress\u00e3o cometida por um policial de Tocantins, respons\u00e1vel por ministrar um dos m\u00f3dulos do Curso T\u00e1tico Policial Feminino na Academia Estadual de Seguran\u00e7a P\u00fablica (Aesp), contra uma policial civil do Maranh\u00e3o. &#8220;Determinei ao nosso secret\u00e1rio da Seguran\u00e7a P\u00fablica apura\u00e7\u00e3o rigorosa e imediata deste ocorrido, bem&hellip;<\/p>\n","protected":false},"author":1,"featured_media":29621,"comment_status":"open","ping_status":"open","sticky":false,"template":"","format":"standard","meta":{"footnotes":""},"categories":[1],"tags":[],"class_list":["post-29620","post","type-post","status-publish","format-standard","has-post-thumbnail","hentry","category-noticias"],"_links":{"self":[{"href":"https:\/\/blogdorogeriogomes.com.br\/noticias\/wp-json\/wp\/v2\/posts\/29620","targetHints":{"allow":["GET"]}}],"collection":[{"href":"https:\/\/blogdorogeriogomes.com.br\/noticias\/wp-json\/wp\/v2\/posts"}],"about":[{"href":"https:\/\/blogdorogeriogomes.com.br\/noticias\/wp-json\/wp\/v2\/types\/post"}],"author":[{"embeddable":true,"href":"https:\/\/blogdorogeriogomes.com.br\/noticias\/wp-json\/wp\/v2\/users\/1"}],"replies":[{"embeddable":true,"href":"https:\/\/blogdorogeriogomes.com.br\/noticias\/wp-json\/wp\/v2\/comments?post=29620"}],"version-history":[{"count":2,"href":"https:\/\/blogdorogeriogomes.com.br\/noticias\/wp-json\/wp\/v2\/posts\/29620\/revisions"}],"predecessor-version":[{"id":29655,"href":"https:\/\/blogdorogeriogomes.com.br\/noticias\/wp-json\/wp\/v2\/posts\/29620\/revisions\/29655"}],"wp:featuredmedia":[{"embeddable":true,"href":"https:\/\/blogdorogeriogomes.com.br\/noticias\/wp-json\/wp\/v2\/media\/29621"}],"wp:attachment":[{"href":"https:\/\/blogdorogeriogomes.com.br\/noticias\/wp-json\/wp\/v2\/media?parent=29620"}],"wp:term":[{"taxonomy":"category","embeddable":true,"href":"https:\/\/blogdorogeriogomes.com.br\/noticias\/wp-json\/wp\/v2\/categories?post=29620"},{"taxonomy":"post_tag","embeddable":true,"href":"https:\/\/blogdorogeriogomes.com.br\/noticias\/wp-json\/wp\/v2\/tags?post=29620"}],"curies":[{"name":"wp","href":"https:\/\/api.w.org\/{rel}","templated":true}]}}