{"id":29623,"date":"2023-06-21T00:27:43","date_gmt":"2023-06-21T00:27:43","guid":{"rendered":"https:\/\/blogdorogeriogomes.com.br\/?p=29623"},"modified":"2023-06-23T14:25:40","modified_gmt":"2023-06-23T14:25:40","slug":"ensino-publico-no-ceara-recupera-indices-pre-pandemia-nas-series-fundamentais","status":"publish","type":"post","link":"https:\/\/blogdorogeriogomes.com.br\/noticias\/2023\/06\/ensino-publico-no-ceara-recupera-indices-pre-pandemia-nas-series-fundamentais\/","title":{"rendered":"Ensino p\u00fablico no Cear\u00e1 recupera \u00edndices pr\u00e9-pandemia nas s\u00e9ries fundamentais"},"content":{"rendered":"\n<p>O Cear\u00e1 conseguiu recuperar os \u00edndices pr\u00e9-pandemia na aprendizagem dos estudantes do Ensino Fundamental na rede p\u00fablica. Os dados, divulgados nesta ter\u00e7a-feira, dia 20 de junho, s\u00e3o do Sistema Permanente de Avalia\u00e7\u00e3o da Educa\u00e7\u00e3o B\u00e1sica do Estado do Cear\u00e1 (Spaece), em avalia\u00e7\u00e3o aplicada em 2022 com 293.825 estudantes distribu\u00eddos em 3.840 escolas dos 184 munic\u00edpios. <\/p>\n\n\n\n<p>O Governo do Cear\u00e1, em suporte e esfor\u00e7o conjunto com as redes municipais de ensino, conseguiu elevar para 84,6% o percentual de estudantes alfabetizados ao t\u00e9rmino do 2\u00ba ano. O Spaece Alfa tamb\u00e9m demonstrou que todos os 184 munic\u00edpios cearenses mantiveram as crian\u00e7as alfabetizadas no t\u00e9rmino do 2\u00ba ano, assim como em 2019. Destes, 177 como n\u00edvel desej\u00e1vel e 7 como suficiente. Em 2007, apenas 49 munic\u00edpios estavam nesta situa\u00e7\u00e3o, sendo 14 aqueles no n\u00edvel desej\u00e1vel.<\/p>\n\n\n\n<figure class=\"wp-block-image size-large\"><img loading=\"lazy\" decoding=\"async\" width=\"1024\" height=\"684\" src=\"https:\/\/blogdorogeriogomes.com.br\/wp-content\/uploads\/2023\/06\/230620_LIVE-RESULTADO-SPAECE-ESCOLA-NOTA-10_CG3641_3-1200x802-1-1024x684.jpg\" alt=\"\" class=\"wp-image-29624\" srcset=\"https:\/\/blogdorogeriogomes.com.br\/noticias\/wp-content\/uploads\/2023\/06\/230620_LIVE-RESULTADO-SPAECE-ESCOLA-NOTA-10_CG3641_3-1200x802-1-1024x684.jpg 1024w, https:\/\/blogdorogeriogomes.com.br\/noticias\/wp-content\/uploads\/2023\/06\/230620_LIVE-RESULTADO-SPAECE-ESCOLA-NOTA-10_CG3641_3-1200x802-1-300x201.jpg 300w, https:\/\/blogdorogeriogomes.com.br\/noticias\/wp-content\/uploads\/2023\/06\/230620_LIVE-RESULTADO-SPAECE-ESCOLA-NOTA-10_CG3641_3-1200x802-1-768x513.jpg 768w, https:\/\/blogdorogeriogomes.com.br\/noticias\/wp-content\/uploads\/2023\/06\/230620_LIVE-RESULTADO-SPAECE-ESCOLA-NOTA-10_CG3641_3-1200x802-1-800x535.jpg 800w, https:\/\/blogdorogeriogomes.com.br\/noticias\/wp-content\/uploads\/2023\/06\/230620_LIVE-RESULTADO-SPAECE-ESCOLA-NOTA-10_CG3641_3-1200x802-1.jpg 1200w\" sizes=\"auto, (max-width: 1024px) 100vw, 1024px\" \/><\/figure>\n","protected":false},"excerpt":{"rendered":"<p>O Cear\u00e1 conseguiu recuperar os \u00edndices pr\u00e9-pandemia na aprendizagem dos estudantes do Ensino Fundamental na rede p\u00fablica. Os dados, divulgados nesta ter\u00e7a-feira, dia 20 de junho, s\u00e3o do Sistema Permanente de Avalia\u00e7\u00e3o da Educa\u00e7\u00e3o B\u00e1sica do Estado do Cear\u00e1 (Spaece), em avalia\u00e7\u00e3o aplicada em 2022 com 293.825 estudantes distribu\u00eddos em 3.840 escolas dos 184 munic\u00edpios. O Governo do Cear\u00e1, em suporte e esfor\u00e7o conjunto com as redes municipais de ensino, conseguiu elevar para 84,6% o percentual de estudantes alfabetizados&hellip;<\/p>\n","protected":false},"author":1,"featured_media":29624,"comment_status":"open","ping_status":"open","sticky":false,"template":"","format":"standard","meta":{"footnotes":""},"categories":[1],"tags":[],"class_list":["post-29623","post","type-post","status-publish","format-standard","has-post-thumbnail","hentry","category-noticias"],"_links":{"self":[{"href":"https:\/\/blogdorogeriogomes.com.br\/noticias\/wp-json\/wp\/v2\/posts\/29623","targetHints":{"allow":["GET"]}}],"collection":[{"href":"https:\/\/blogdorogeriogomes.com.br\/noticias\/wp-json\/wp\/v2\/posts"}],"about":[{"href":"https:\/\/blogdorogeriogomes.com.br\/noticias\/wp-json\/wp\/v2\/types\/post"}],"author":[{"embeddable":true,"href":"https:\/\/blogdorogeriogomes.com.br\/noticias\/wp-json\/wp\/v2\/users\/1"}],"replies":[{"embeddable":true,"href":"https:\/\/blogdorogeriogomes.com.br\/noticias\/wp-json\/wp\/v2\/comments?post=29623"}],"version-history":[{"count":1,"href":"https:\/\/blogdorogeriogomes.com.br\/noticias\/wp-json\/wp\/v2\/posts\/29623\/revisions"}],"predecessor-version":[{"id":29625,"href":"https:\/\/blogdorogeriogomes.com.br\/noticias\/wp-json\/wp\/v2\/posts\/29623\/revisions\/29625"}],"wp:featuredmedia":[{"embeddable":true,"href":"https:\/\/blogdorogeriogomes.com.br\/noticias\/wp-json\/wp\/v2\/media\/29624"}],"wp:attachment":[{"href":"https:\/\/blogdorogeriogomes.com.br\/noticias\/wp-json\/wp\/v2\/media?parent=29623"}],"wp:term":[{"taxonomy":"category","embeddable":true,"href":"https:\/\/blogdorogeriogomes.com.br\/noticias\/wp-json\/wp\/v2\/categories?post=29623"},{"taxonomy":"post_tag","embeddable":true,"href":"https:\/\/blogdorogeriogomes.com.br\/noticias\/wp-json\/wp\/v2\/tags?post=29623"}],"curies":[{"name":"wp","href":"https:\/\/api.w.org\/{rel}","templated":true}]}}