{"id":29626,"date":"2023-06-21T10:54:23","date_gmt":"2023-06-21T10:54:23","guid":{"rendered":"https:\/\/blogdorogeriogomes.com.br\/?p=29626"},"modified":"2023-06-23T14:25:28","modified_gmt":"2023-06-23T14:25:28","slug":"ccj-do-senado-sabatina-cristiano-zanin-para-vaga-no-stf-nesta-quarta-feira","status":"publish","type":"post","link":"https:\/\/blogdorogeriogomes.com.br\/noticias\/2023\/06\/ccj-do-senado-sabatina-cristiano-zanin-para-vaga-no-stf-nesta-quarta-feira\/","title":{"rendered":"CCJ do Senado sabatina Cristiano Zanin para vaga no STF nesta quarta-feira"},"content":{"rendered":"\n<p>A Comiss\u00e3o de Constitui\u00e7\u00e3o e Justi\u00e7a (CCJ) do&nbsp;Senado vai sabatinar e votar nesta quarta-feira, dia 21 de junho, a indica\u00e7\u00e3o do advogado Cristiano Zanin&nbsp;para o cargo de ministro do Supremo Tribunal Federal (STF). Se aprovado pelo plen\u00e1rio do Senado, Zanin assume a vaga aberta com a aposentadoria de Ricardo Lewandowski.&nbsp;<\/p>\n\n\n\n<p>Dos tr\u00eas senadores cearenses, Cid Gomes (PDT) e Augusta Brito (PT) v\u00e3o votar favor\u00e1veis a aprova\u00e7\u00e3o de Cristiano Zanin, que defendeu Lula nas acusa\u00e7\u00f5es da Lava Jato, para ministro do STF. J\u00e1 o bolsonarista Eduardo Gir\u00e3o (Novo) votar\u00e1 contra a indica\u00e7\u00e3o.<\/p>\n\n\n\n<figure class=\"wp-block-image size-large\"><img loading=\"lazy\" decoding=\"async\" width=\"1024\" height=\"576\" src=\"https:\/\/blogdorogeriogomes.com.br\/wp-content\/uploads\/2023\/06\/1105967-rovros_abr_26012018_6319_1-1024x576.jpg\" alt=\"\" class=\"wp-image-29627\" srcset=\"https:\/\/blogdorogeriogomes.com.br\/noticias\/wp-content\/uploads\/2023\/06\/1105967-rovros_abr_26012018_6319_1-1024x576.jpg 1024w, https:\/\/blogdorogeriogomes.com.br\/noticias\/wp-content\/uploads\/2023\/06\/1105967-rovros_abr_26012018_6319_1-300x169.jpg 300w, https:\/\/blogdorogeriogomes.com.br\/noticias\/wp-content\/uploads\/2023\/06\/1105967-rovros_abr_26012018_6319_1-768x432.jpg 768w, https:\/\/blogdorogeriogomes.com.br\/noticias\/wp-content\/uploads\/2023\/06\/1105967-rovros_abr_26012018_6319_1-800x450.jpg 800w, https:\/\/blogdorogeriogomes.com.br\/noticias\/wp-content\/uploads\/2023\/06\/1105967-rovros_abr_26012018_6319_1.jpg 1170w\" sizes=\"auto, (max-width: 1024px) 100vw, 1024px\" \/><\/figure>\n","protected":false},"excerpt":{"rendered":"<p>A Comiss\u00e3o de Constitui\u00e7\u00e3o e Justi\u00e7a (CCJ) do&nbsp;Senado vai sabatinar e votar nesta quarta-feira, dia 21 de junho, a indica\u00e7\u00e3o do advogado Cristiano Zanin&nbsp;para o cargo de ministro do Supremo Tribunal Federal (STF). Se aprovado pelo plen\u00e1rio do Senado, Zanin assume a vaga aberta com a aposentadoria de Ricardo Lewandowski.&nbsp; Dos tr\u00eas senadores cearenses, Cid Gomes (PDT) e Augusta Brito (PT) v\u00e3o votar favor\u00e1veis a aprova\u00e7\u00e3o de Cristiano Zanin, que defendeu Lula nas acusa\u00e7\u00f5es da Lava Jato, para ministro&hellip;<\/p>\n","protected":false},"author":1,"featured_media":29627,"comment_status":"open","ping_status":"open","sticky":false,"template":"","format":"standard","meta":{"footnotes":""},"categories":[1],"tags":[],"class_list":["post-29626","post","type-post","status-publish","format-standard","has-post-thumbnail","hentry","category-noticias"],"_links":{"self":[{"href":"https:\/\/blogdorogeriogomes.com.br\/noticias\/wp-json\/wp\/v2\/posts\/29626","targetHints":{"allow":["GET"]}}],"collection":[{"href":"https:\/\/blogdorogeriogomes.com.br\/noticias\/wp-json\/wp\/v2\/posts"}],"about":[{"href":"https:\/\/blogdorogeriogomes.com.br\/noticias\/wp-json\/wp\/v2\/types\/post"}],"author":[{"embeddable":true,"href":"https:\/\/blogdorogeriogomes.com.br\/noticias\/wp-json\/wp\/v2\/users\/1"}],"replies":[{"embeddable":true,"href":"https:\/\/blogdorogeriogomes.com.br\/noticias\/wp-json\/wp\/v2\/comments?post=29626"}],"version-history":[{"count":2,"href":"https:\/\/blogdorogeriogomes.com.br\/noticias\/wp-json\/wp\/v2\/posts\/29626\/revisions"}],"predecessor-version":[{"id":29654,"href":"https:\/\/blogdorogeriogomes.com.br\/noticias\/wp-json\/wp\/v2\/posts\/29626\/revisions\/29654"}],"wp:featuredmedia":[{"embeddable":true,"href":"https:\/\/blogdorogeriogomes.com.br\/noticias\/wp-json\/wp\/v2\/media\/29627"}],"wp:attachment":[{"href":"https:\/\/blogdorogeriogomes.com.br\/noticias\/wp-json\/wp\/v2\/media?parent=29626"}],"wp:term":[{"taxonomy":"category","embeddable":true,"href":"https:\/\/blogdorogeriogomes.com.br\/noticias\/wp-json\/wp\/v2\/categories?post=29626"},{"taxonomy":"post_tag","embeddable":true,"href":"https:\/\/blogdorogeriogomes.com.br\/noticias\/wp-json\/wp\/v2\/tags?post=29626"}],"curies":[{"name":"wp","href":"https:\/\/api.w.org\/{rel}","templated":true}]}}