{"id":29629,"date":"2023-06-21T14:46:41","date_gmt":"2023-06-21T14:46:41","guid":{"rendered":"https:\/\/blogdorogeriogomes.com.br\/?p=29629"},"modified":"2023-06-23T14:25:17","modified_gmt":"2023-06-23T14:25:17","slug":"lula-se-reune-com-o-papa-francisco-e-reforca-busca-por-acordo-de-paz-na-guerra-entre-russia-e-ucrania","status":"publish","type":"post","link":"https:\/\/blogdorogeriogomes.com.br\/noticias\/2023\/06\/lula-se-reune-com-o-papa-francisco-e-reforca-busca-por-acordo-de-paz-na-guerra-entre-russia-e-ucrania\/","title":{"rendered":"Lula se re\u00fane com o Papa Francisco e refor\u00e7a busca por acordo de paz na Guerra entre R\u00fassia e Ucr\u00e2nia"},"content":{"rendered":"\n<p>O presidente Lula (PT) se reuniu nesta quarta-feira, dia 21 de junho, no Vaticano, com o l\u00edder da Igreja Cat\u00f3lica, o Papa Francisco. &#8220;Agrade\u00e7o o Papa Francisco pela audi\u00eancia no Vaticano e a boa conversa sobre a paz no mundo&#8221;, disse Lula, que tem discurso semelhante ao Papa quando o assunto \u00e9 buscar um acordo de paz na Guerra entre R\u00fassia e Ucr\u00e2nia. A Igreja Cat\u00f3lica tem defendido que sejam escolhidos mediadores que ponham um fim ao conflito.<\/p>\n\n\n\n<p>Nesta quarta-feira , o presidente Lula tamb\u00e9m se encontra com o Arcebispo Edgar Pe\u00f1a Parra, da Secretaria de Estado do Vaticano, com a primeira-ministra da Rep\u00fablica Italiana, Giorgia Meloni, e com o prefeito de Roma, Roberto Gualtieri.<\/p>\n\n\n\n<figure class=\"wp-block-image size-full\"><img loading=\"lazy\" decoding=\"async\" width=\"831\" height=\"1024\" src=\"https:\/\/blogdorogeriogomes.com.br\/wp-content\/uploads\/2023\/06\/IMG-20230621-WA0059.jpg\" alt=\"\" class=\"wp-image-29630\" srcset=\"https:\/\/blogdorogeriogomes.com.br\/noticias\/wp-content\/uploads\/2023\/06\/IMG-20230621-WA0059.jpg 831w, https:\/\/blogdorogeriogomes.com.br\/noticias\/wp-content\/uploads\/2023\/06\/IMG-20230621-WA0059-243x300.jpg 243w, https:\/\/blogdorogeriogomes.com.br\/noticias\/wp-content\/uploads\/2023\/06\/IMG-20230621-WA0059-768x946.jpg 768w, https:\/\/blogdorogeriogomes.com.br\/noticias\/wp-content\/uploads\/2023\/06\/IMG-20230621-WA0059-800x986.jpg 800w\" sizes=\"auto, (max-width: 831px) 100vw, 831px\" \/><\/figure>\n\n\n\n<p><\/p>\n","protected":false},"excerpt":{"rendered":"<p>O presidente Lula (PT) se reuniu nesta quarta-feira, dia 21 de junho, no Vaticano, com o l\u00edder da Igreja Cat\u00f3lica, o Papa Francisco. &#8220;Agrade\u00e7o o Papa Francisco pela audi\u00eancia no Vaticano e a boa conversa sobre a paz no mundo&#8221;, disse Lula, que tem discurso semelhante ao Papa quando o assunto \u00e9 buscar um acordo de paz na Guerra entre R\u00fassia e Ucr\u00e2nia. A Igreja Cat\u00f3lica tem defendido que sejam escolhidos mediadores que ponham um fim ao conflito. Nesta&hellip;<\/p>\n","protected":false},"author":1,"featured_media":29630,"comment_status":"open","ping_status":"open","sticky":false,"template":"","format":"standard","meta":{"footnotes":""},"categories":[1],"tags":[],"class_list":["post-29629","post","type-post","status-publish","format-standard","has-post-thumbnail","hentry","category-noticias"],"_links":{"self":[{"href":"https:\/\/blogdorogeriogomes.com.br\/noticias\/wp-json\/wp\/v2\/posts\/29629","targetHints":{"allow":["GET"]}}],"collection":[{"href":"https:\/\/blogdorogeriogomes.com.br\/noticias\/wp-json\/wp\/v2\/posts"}],"about":[{"href":"https:\/\/blogdorogeriogomes.com.br\/noticias\/wp-json\/wp\/v2\/types\/post"}],"author":[{"embeddable":true,"href":"https:\/\/blogdorogeriogomes.com.br\/noticias\/wp-json\/wp\/v2\/users\/1"}],"replies":[{"embeddable":true,"href":"https:\/\/blogdorogeriogomes.com.br\/noticias\/wp-json\/wp\/v2\/comments?post=29629"}],"version-history":[{"count":1,"href":"https:\/\/blogdorogeriogomes.com.br\/noticias\/wp-json\/wp\/v2\/posts\/29629\/revisions"}],"predecessor-version":[{"id":29631,"href":"https:\/\/blogdorogeriogomes.com.br\/noticias\/wp-json\/wp\/v2\/posts\/29629\/revisions\/29631"}],"wp:featuredmedia":[{"embeddable":true,"href":"https:\/\/blogdorogeriogomes.com.br\/noticias\/wp-json\/wp\/v2\/media\/29630"}],"wp:attachment":[{"href":"https:\/\/blogdorogeriogomes.com.br\/noticias\/wp-json\/wp\/v2\/media?parent=29629"}],"wp:term":[{"taxonomy":"category","embeddable":true,"href":"https:\/\/blogdorogeriogomes.com.br\/noticias\/wp-json\/wp\/v2\/categories?post=29629"},{"taxonomy":"post_tag","embeddable":true,"href":"https:\/\/blogdorogeriogomes.com.br\/noticias\/wp-json\/wp\/v2\/tags?post=29629"}],"curies":[{"name":"wp","href":"https:\/\/api.w.org\/{rel}","templated":true}]}}