{"id":29632,"date":"2023-06-21T23:37:29","date_gmt":"2023-06-21T23:37:29","guid":{"rendered":"https:\/\/blogdorogeriogomes.com.br\/?p=29632"},"modified":"2023-06-23T14:25:05","modified_gmt":"2023-06-23T14:25:05","slug":"senado-aprova-nome-de-cristiano-zanin-como-novo-ministro-do-stf","status":"publish","type":"post","link":"https:\/\/blogdorogeriogomes.com.br\/noticias\/2023\/06\/senado-aprova-nome-de-cristiano-zanin-como-novo-ministro-do-stf\/","title":{"rendered":"Senado aprova nome de Cristiano Zanin como novo ministro do STF"},"content":{"rendered":"\n<p>Indicado do presidente Lula ao STF, o advogado Cristiano Zanin, foi aprovado pelo plen\u00e1rio do Senado, ap\u00f3s a CCJ da Casa sabatin\u00e1-lo e decidir levar em frente a nomea\u00e7\u00e3o. O placar da vota\u00e7\u00e3o no plen\u00e1rio deu ampla margem a Zanin: foram 58 votos a favor e 18 contra.&nbsp;A posse no STF deve acontecer em agosto.<\/p>\n\n\n\n<p>Cristiano Zanin ganhou notoriedade a partir de 2013, quando assumiu a defesa de Lula diante da a\u00e7\u00e3o da Lava Jato. Zanin foi respons\u00e1vel pela liberta\u00e7\u00e3o de Lula da pris\u00e3o na sede da Pol\u00edcia Federal, em Curitiba.<\/p>\n\n\n\n<figure class=\"wp-block-image size-full\"><img loading=\"lazy\" decoding=\"async\" width=\"716\" height=\"428\" src=\"https:\/\/blogdorogeriogomes.com.br\/wp-content\/uploads\/2023\/06\/images-38.jpeg\" alt=\"\" class=\"wp-image-29633\" srcset=\"https:\/\/blogdorogeriogomes.com.br\/noticias\/wp-content\/uploads\/2023\/06\/images-38.jpeg 716w, https:\/\/blogdorogeriogomes.com.br\/noticias\/wp-content\/uploads\/2023\/06\/images-38-300x179.jpeg 300w\" sizes=\"auto, (max-width: 716px) 100vw, 716px\" \/><\/figure>\n","protected":false},"excerpt":{"rendered":"<p>Indicado do presidente Lula ao STF, o advogado Cristiano Zanin, foi aprovado pelo plen\u00e1rio do Senado, ap\u00f3s a CCJ da Casa sabatin\u00e1-lo e decidir levar em frente a nomea\u00e7\u00e3o. O placar da vota\u00e7\u00e3o no plen\u00e1rio deu ampla margem a Zanin: foram 58 votos a favor e 18 contra.&nbsp;A posse no STF deve acontecer em agosto. Cristiano Zanin ganhou notoriedade a partir de 2013, quando assumiu a defesa de Lula diante da a\u00e7\u00e3o da Lava Jato. Zanin foi respons\u00e1vel pela&hellip;<\/p>\n","protected":false},"author":1,"featured_media":29633,"comment_status":"open","ping_status":"open","sticky":false,"template":"","format":"standard","meta":{"footnotes":""},"categories":[1],"tags":[],"class_list":["post-29632","post","type-post","status-publish","format-standard","has-post-thumbnail","hentry","category-noticias"],"_links":{"self":[{"href":"https:\/\/blogdorogeriogomes.com.br\/noticias\/wp-json\/wp\/v2\/posts\/29632","targetHints":{"allow":["GET"]}}],"collection":[{"href":"https:\/\/blogdorogeriogomes.com.br\/noticias\/wp-json\/wp\/v2\/posts"}],"about":[{"href":"https:\/\/blogdorogeriogomes.com.br\/noticias\/wp-json\/wp\/v2\/types\/post"}],"author":[{"embeddable":true,"href":"https:\/\/blogdorogeriogomes.com.br\/noticias\/wp-json\/wp\/v2\/users\/1"}],"replies":[{"embeddable":true,"href":"https:\/\/blogdorogeriogomes.com.br\/noticias\/wp-json\/wp\/v2\/comments?post=29632"}],"version-history":[{"count":2,"href":"https:\/\/blogdorogeriogomes.com.br\/noticias\/wp-json\/wp\/v2\/posts\/29632\/revisions"}],"predecessor-version":[{"id":29653,"href":"https:\/\/blogdorogeriogomes.com.br\/noticias\/wp-json\/wp\/v2\/posts\/29632\/revisions\/29653"}],"wp:featuredmedia":[{"embeddable":true,"href":"https:\/\/blogdorogeriogomes.com.br\/noticias\/wp-json\/wp\/v2\/media\/29633"}],"wp:attachment":[{"href":"https:\/\/blogdorogeriogomes.com.br\/noticias\/wp-json\/wp\/v2\/media?parent=29632"}],"wp:term":[{"taxonomy":"category","embeddable":true,"href":"https:\/\/blogdorogeriogomes.com.br\/noticias\/wp-json\/wp\/v2\/categories?post=29632"},{"taxonomy":"post_tag","embeddable":true,"href":"https:\/\/blogdorogeriogomes.com.br\/noticias\/wp-json\/wp\/v2\/tags?post=29632"}],"curies":[{"name":"wp","href":"https:\/\/api.w.org\/{rel}","templated":true}]}}