{"id":29635,"date":"2023-06-22T09:49:55","date_gmt":"2023-06-22T09:49:55","guid":{"rendered":"https:\/\/blogdorogeriogomes.com.br\/?p=29635"},"modified":"2023-06-23T14:24:51","modified_gmt":"2023-06-23T14:24:51","slug":"pdt-realiza-encontro-regional-em-fortaleza-cid-e-ciro-gomes-participam-do-evento","status":"publish","type":"post","link":"https:\/\/blogdorogeriogomes.com.br\/noticias\/2023\/06\/pdt-realiza-encontro-regional-em-fortaleza-cid-e-ciro-gomes-participam-do-evento\/","title":{"rendered":"PDT realiza encontro regional em Fortaleza. Cid e Ciro Gomes participam do evento"},"content":{"rendered":"\n<p>O PDT e a Funda\u00e7\u00e3o Leonel Brizola \u2014 Alberto Pasqualini realizam uma s\u00e9rie de encontros, nas cinco regi\u00f5es do Brasil, ao longo deste ano. E o primeiro, ser\u00e1 em Fortaleza, nesta quinta-feira, dia 22 de junho, e sexta-feira, dia 23. O Encontro Regional do PDT acontece no Oasis Atl\u00e2ntico Fortaleza Hotel, na Beira-Mar.<\/p>\n\n\n\n<p>A expectativa da Executiva Nacional do PDT \u00e9 reunir, ao longo desses dois dias de programa\u00e7\u00f5es, parlamentares das esferas federal e estaduais, prefeitos, vereadores, l\u00edderes dos movimentos de base do partido e a milit\u00e2ncia em geral, para ampliar o di\u00e1logo e a mobiliza\u00e7\u00e3o em torno das causas trabalhistas e democr\u00e1ticas.<\/p>\n\n\n\n<p>O senador Cid Gomes e o ex-ministro Ciro Gomes participar\u00e3o de pain\u00e9is durante o evento regional. Desde a campanha eleitoral, os irm\u00e3os se mant\u00eam afastados politicamente. Cid \u00e9 pr\u00f3ximo do governador Elmano de Freitas (PT), enquanto Ciro se diz oposi\u00e7\u00e3o ao petismo no Cear\u00e1 e no Brasil.<\/p>\n\n\n\n<figure class=\"wp-block-image size-full\"><img loading=\"lazy\" decoding=\"async\" width=\"425\" height=\"239\" src=\"https:\/\/blogdorogeriogomes.com.br\/wp-content\/uploads\/2023\/06\/images-39.jpeg\" alt=\"\" class=\"wp-image-29636\" srcset=\"https:\/\/blogdorogeriogomes.com.br\/noticias\/wp-content\/uploads\/2023\/06\/images-39.jpeg 425w, https:\/\/blogdorogeriogomes.com.br\/noticias\/wp-content\/uploads\/2023\/06\/images-39-300x169.jpeg 300w\" sizes=\"auto, (max-width: 425px) 100vw, 425px\" \/><\/figure>\n\n\n\n<p><\/p>\n\n\n\n<p><\/p>\n\n\n\n<p><\/p>\n\n\n\n<p><\/p>\n\n\n\n<p><\/p>\n\n\n\n<p><\/p>\n\n\n\n<p><\/p>\n\n\n\n<p><\/p>\n\n\n\n<p><\/p>\n","protected":false},"excerpt":{"rendered":"<p>O PDT e a Funda\u00e7\u00e3o Leonel Brizola \u2014 Alberto Pasqualini realizam uma s\u00e9rie de encontros, nas cinco regi\u00f5es do Brasil, ao longo deste ano. E o primeiro, ser\u00e1 em Fortaleza, nesta quinta-feira, dia 22 de junho, e sexta-feira, dia 23. O Encontro Regional do PDT acontece no Oasis Atl\u00e2ntico Fortaleza Hotel, na Beira-Mar. A expectativa da Executiva Nacional do PDT \u00e9 reunir, ao longo desses dois dias de programa\u00e7\u00f5es, parlamentares das esferas federal e estaduais, prefeitos, vereadores, l\u00edderes dos&hellip;<\/p>\n","protected":false},"author":1,"featured_media":29636,"comment_status":"open","ping_status":"open","sticky":false,"template":"","format":"standard","meta":{"footnotes":""},"categories":[1],"tags":[],"class_list":["post-29635","post","type-post","status-publish","format-standard","has-post-thumbnail","hentry","category-noticias"],"_links":{"self":[{"href":"https:\/\/blogdorogeriogomes.com.br\/noticias\/wp-json\/wp\/v2\/posts\/29635","targetHints":{"allow":["GET"]}}],"collection":[{"href":"https:\/\/blogdorogeriogomes.com.br\/noticias\/wp-json\/wp\/v2\/posts"}],"about":[{"href":"https:\/\/blogdorogeriogomes.com.br\/noticias\/wp-json\/wp\/v2\/types\/post"}],"author":[{"embeddable":true,"href":"https:\/\/blogdorogeriogomes.com.br\/noticias\/wp-json\/wp\/v2\/users\/1"}],"replies":[{"embeddable":true,"href":"https:\/\/blogdorogeriogomes.com.br\/noticias\/wp-json\/wp\/v2\/comments?post=29635"}],"version-history":[{"count":1,"href":"https:\/\/blogdorogeriogomes.com.br\/noticias\/wp-json\/wp\/v2\/posts\/29635\/revisions"}],"predecessor-version":[{"id":29637,"href":"https:\/\/blogdorogeriogomes.com.br\/noticias\/wp-json\/wp\/v2\/posts\/29635\/revisions\/29637"}],"wp:featuredmedia":[{"embeddable":true,"href":"https:\/\/blogdorogeriogomes.com.br\/noticias\/wp-json\/wp\/v2\/media\/29636"}],"wp:attachment":[{"href":"https:\/\/blogdorogeriogomes.com.br\/noticias\/wp-json\/wp\/v2\/media?parent=29635"}],"wp:term":[{"taxonomy":"category","embeddable":true,"href":"https:\/\/blogdorogeriogomes.com.br\/noticias\/wp-json\/wp\/v2\/categories?post=29635"},{"taxonomy":"post_tag","embeddable":true,"href":"https:\/\/blogdorogeriogomes.com.br\/noticias\/wp-json\/wp\/v2\/tags?post=29635"}],"curies":[{"name":"wp","href":"https:\/\/api.w.org\/{rel}","templated":true}]}}