{"id":29638,"date":"2023-06-22T10:05:43","date_gmt":"2023-06-22T10:05:43","guid":{"rendered":"https:\/\/blogdorogeriogomes.com.br\/?p=29638"},"modified":"2023-06-23T14:24:38","modified_gmt":"2023-06-23T14:24:38","slug":"futuro-politico-de-jair-bolsonaro-entra-na-pauta-do-tse-a-partir-desta-quinta-feira","status":"publish","type":"post","link":"https:\/\/blogdorogeriogomes.com.br\/noticias\/2023\/06\/futuro-politico-de-jair-bolsonaro-entra-na-pauta-do-tse-a-partir-desta-quinta-feira\/","title":{"rendered":"Futuro pol\u00edtico de Jair Bolsonaro entra na pauta do TSE a partir desta quinta-feira"},"content":{"rendered":"\n<p>O futuro pol\u00edtico do ex-presidente Jair Bolsonaro (PL) entra na pauta do Tribunal Superior Eleitoral (TSE) a partir desta quinta-feira, dia 22 de junho. O&nbsp;TSE inicia o julgamento da a\u00e7\u00e3o que pode tornar o ex-presidente&nbsp;ineleg\u00edvel por abuso de poder pol\u00edtico e uso indevido dos meios de comunica\u00e7\u00e3o.<\/p>\n\n\n\n<p>Os ministros v\u00e3o analisar uma reuni\u00e3o realizada por Bolsonaro em julho de 2022. Quando ocupava o cargo m\u00e1ximo da Rep\u00fablica, ele reuniu, na resid\u00eancia oficial do Pal\u00e1cio da Alvorada, embaixadores de pa\u00edses estrangeiros para fazer ataques infundados sobre as urnas eletr\u00f4nicas e o sistema eleitoral.<\/p>\n\n\n\n<p>Em jogo est\u00e1 a possibilidade de Bolsonaro ficar ineleg\u00edvel por oito anos. Diante das provas levantadas e produzidas pelo pr\u00f3prio acusado, entre os aliados de Bolsonaro j\u00e1 se admite a certeza da condena\u00e7\u00e3o. <\/p>\n\n\n\n<p>Resta saber, como Bolsonaro ir\u00e1 lidar com essa poss\u00edvel derrota na Justi\u00e7a Eleitoral. Al\u00e9m disso, Jair Bolsonaro ainda tem v\u00e1rios outros processos na Justi\u00e7a a enfrentar que podem ainda lev\u00e1-lo para a pris\u00e3o.<\/p>\n\n\n\n<figure class=\"wp-block-image size-full\"><img loading=\"lazy\" decoding=\"async\" width=\"678\" height=\"452\" src=\"https:\/\/blogdorogeriogomes.com.br\/wp-content\/uploads\/2023\/06\/images-40.jpeg\" alt=\"\" class=\"wp-image-29639\" srcset=\"https:\/\/blogdorogeriogomes.com.br\/noticias\/wp-content\/uploads\/2023\/06\/images-40.jpeg 678w, https:\/\/blogdorogeriogomes.com.br\/noticias\/wp-content\/uploads\/2023\/06\/images-40-300x200.jpeg 300w\" sizes=\"auto, (max-width: 678px) 100vw, 678px\" \/><\/figure>\n","protected":false},"excerpt":{"rendered":"<p>O futuro pol\u00edtico do ex-presidente Jair Bolsonaro (PL) entra na pauta do Tribunal Superior Eleitoral (TSE) a partir desta quinta-feira, dia 22 de junho. O&nbsp;TSE inicia o julgamento da a\u00e7\u00e3o que pode tornar o ex-presidente&nbsp;ineleg\u00edvel por abuso de poder pol\u00edtico e uso indevido dos meios de comunica\u00e7\u00e3o. Os ministros v\u00e3o analisar uma reuni\u00e3o realizada por Bolsonaro em julho de 2022. Quando ocupava o cargo m\u00e1ximo da Rep\u00fablica, ele reuniu, na resid\u00eancia oficial do Pal\u00e1cio da Alvorada, embaixadores de pa\u00edses&hellip;<\/p>\n","protected":false},"author":1,"featured_media":29639,"comment_status":"open","ping_status":"open","sticky":false,"template":"","format":"standard","meta":{"footnotes":""},"categories":[1],"tags":[],"class_list":["post-29638","post","type-post","status-publish","format-standard","has-post-thumbnail","hentry","category-noticias"],"_links":{"self":[{"href":"https:\/\/blogdorogeriogomes.com.br\/noticias\/wp-json\/wp\/v2\/posts\/29638","targetHints":{"allow":["GET"]}}],"collection":[{"href":"https:\/\/blogdorogeriogomes.com.br\/noticias\/wp-json\/wp\/v2\/posts"}],"about":[{"href":"https:\/\/blogdorogeriogomes.com.br\/noticias\/wp-json\/wp\/v2\/types\/post"}],"author":[{"embeddable":true,"href":"https:\/\/blogdorogeriogomes.com.br\/noticias\/wp-json\/wp\/v2\/users\/1"}],"replies":[{"embeddable":true,"href":"https:\/\/blogdorogeriogomes.com.br\/noticias\/wp-json\/wp\/v2\/comments?post=29638"}],"version-history":[{"count":2,"href":"https:\/\/blogdorogeriogomes.com.br\/noticias\/wp-json\/wp\/v2\/posts\/29638\/revisions"}],"predecessor-version":[{"id":29652,"href":"https:\/\/blogdorogeriogomes.com.br\/noticias\/wp-json\/wp\/v2\/posts\/29638\/revisions\/29652"}],"wp:featuredmedia":[{"embeddable":true,"href":"https:\/\/blogdorogeriogomes.com.br\/noticias\/wp-json\/wp\/v2\/media\/29639"}],"wp:attachment":[{"href":"https:\/\/blogdorogeriogomes.com.br\/noticias\/wp-json\/wp\/v2\/media?parent=29638"}],"wp:term":[{"taxonomy":"category","embeddable":true,"href":"https:\/\/blogdorogeriogomes.com.br\/noticias\/wp-json\/wp\/v2\/categories?post=29638"},{"taxonomy":"post_tag","embeddable":true,"href":"https:\/\/blogdorogeriogomes.com.br\/noticias\/wp-json\/wp\/v2\/tags?post=29638"}],"curies":[{"name":"wp","href":"https:\/\/api.w.org\/{rel}","templated":true}]}}