{"id":29641,"date":"2023-06-23T00:15:00","date_gmt":"2023-06-23T00:15:00","guid":{"rendered":"https:\/\/blogdorogeriogomes.com.br\/?p=29641"},"modified":"2023-06-23T14:24:24","modified_gmt":"2023-06-23T14:24:24","slug":"lula-defende-acoes-ambientais-na-amazonia-durante-evento-reunindo-uma-multidao-em-paris","status":"publish","type":"post","link":"https:\/\/blogdorogeriogomes.com.br\/noticias\/2023\/06\/lula-defende-acoes-ambientais-na-amazonia-durante-evento-reunindo-uma-multidao-em-paris\/","title":{"rendered":"Lula defende a\u00e7\u00f5es ambientais na Amaz\u00f4nia durante evento reunindo uma multid\u00e3o em Paris"},"content":{"rendered":"\n<p>O presidente Luiz In\u00e1cio Lula da Silva cobrou nesta quinta-feira, dia 22 de junho, em Paris, que as na\u00e7\u00f5es ricas financiem pa\u00edses em desenvolvimento que det\u00e9m reservas florestais como uma forma de pagar uma &#8220;d\u00edvida hist\u00f3rica&#8221; com o planeta pelos danos ambientais.<\/p>\n\n\n\n<p>Em discurso diante da Torre Eiffel no evento &#8220;Power Our Planet&#8221;, que conta com atra\u00e7\u00f5es como um show da banda Coldplay, Lula disse ainda que a Amaz\u00f4nia \u00e9 um territ\u00f3rio soberano do Brasil, mas tamb\u00e9m pertence \u00e0 humanidade.<\/p>\n\n\n\n<p>O presidente brasileiro encerrou o dia de trabalho com jantar no Pal\u00e1cio do Eliseu organizado pelo presidente Emmanuel Macron, em c\u00fapula reunindo pa\u00edses e institui\u00e7\u00f5es globais para discutir financiamento sustent\u00e1vel. <\/p>\n\n\n\n<figure class=\"wp-block-image size-full\"><img loading=\"lazy\" decoding=\"async\" width=\"1024\" height=\"682\" src=\"https:\/\/blogdorogeriogomes.com.br\/wp-content\/uploads\/2023\/06\/IMG-20230622-WA0138.jpg\" alt=\"\" class=\"wp-image-29642\" srcset=\"https:\/\/blogdorogeriogomes.com.br\/noticias\/wp-content\/uploads\/2023\/06\/IMG-20230622-WA0138.jpg 1024w, https:\/\/blogdorogeriogomes.com.br\/noticias\/wp-content\/uploads\/2023\/06\/IMG-20230622-WA0138-300x200.jpg 300w, https:\/\/blogdorogeriogomes.com.br\/noticias\/wp-content\/uploads\/2023\/06\/IMG-20230622-WA0138-768x512.jpg 768w, https:\/\/blogdorogeriogomes.com.br\/noticias\/wp-content\/uploads\/2023\/06\/IMG-20230622-WA0138-800x533.jpg 800w\" sizes=\"auto, (max-width: 1024px) 100vw, 1024px\" \/><\/figure>\n\n\n\n<figure class=\"wp-block-image size-full\"><img loading=\"lazy\" decoding=\"async\" width=\"661\" height=\"1024\" src=\"https:\/\/blogdorogeriogomes.com.br\/wp-content\/uploads\/2023\/06\/IMG-20230622-WA0139.jpg\" alt=\"\" class=\"wp-image-29643\" srcset=\"https:\/\/blogdorogeriogomes.com.br\/noticias\/wp-content\/uploads\/2023\/06\/IMG-20230622-WA0139.jpg 661w, https:\/\/blogdorogeriogomes.com.br\/noticias\/wp-content\/uploads\/2023\/06\/IMG-20230622-WA0139-194x300.jpg 194w\" sizes=\"auto, (max-width: 661px) 100vw, 661px\" \/><\/figure>\n\n\n\n<p><\/p>\n","protected":false},"excerpt":{"rendered":"<p>O presidente Luiz In\u00e1cio Lula da Silva cobrou nesta quinta-feira, dia 22 de junho, em Paris, que as na\u00e7\u00f5es ricas financiem pa\u00edses em desenvolvimento que det\u00e9m reservas florestais como uma forma de pagar uma &#8220;d\u00edvida hist\u00f3rica&#8221; com o planeta pelos danos ambientais. Em discurso diante da Torre Eiffel no evento &#8220;Power Our Planet&#8221;, que conta com atra\u00e7\u00f5es como um show da banda Coldplay, Lula disse ainda que a Amaz\u00f4nia \u00e9 um territ\u00f3rio soberano do Brasil, mas tamb\u00e9m pertence \u00e0&hellip;<\/p>\n","protected":false},"author":1,"featured_media":29642,"comment_status":"open","ping_status":"open","sticky":false,"template":"","format":"standard","meta":{"footnotes":""},"categories":[1],"tags":[],"class_list":["post-29641","post","type-post","status-publish","format-standard","has-post-thumbnail","hentry","category-noticias"],"_links":{"self":[{"href":"https:\/\/blogdorogeriogomes.com.br\/noticias\/wp-json\/wp\/v2\/posts\/29641","targetHints":{"allow":["GET"]}}],"collection":[{"href":"https:\/\/blogdorogeriogomes.com.br\/noticias\/wp-json\/wp\/v2\/posts"}],"about":[{"href":"https:\/\/blogdorogeriogomes.com.br\/noticias\/wp-json\/wp\/v2\/types\/post"}],"author":[{"embeddable":true,"href":"https:\/\/blogdorogeriogomes.com.br\/noticias\/wp-json\/wp\/v2\/users\/1"}],"replies":[{"embeddable":true,"href":"https:\/\/blogdorogeriogomes.com.br\/noticias\/wp-json\/wp\/v2\/comments?post=29641"}],"version-history":[{"count":1,"href":"https:\/\/blogdorogeriogomes.com.br\/noticias\/wp-json\/wp\/v2\/posts\/29641\/revisions"}],"predecessor-version":[{"id":29644,"href":"https:\/\/blogdorogeriogomes.com.br\/noticias\/wp-json\/wp\/v2\/posts\/29641\/revisions\/29644"}],"wp:featuredmedia":[{"embeddable":true,"href":"https:\/\/blogdorogeriogomes.com.br\/noticias\/wp-json\/wp\/v2\/media\/29642"}],"wp:attachment":[{"href":"https:\/\/blogdorogeriogomes.com.br\/noticias\/wp-json\/wp\/v2\/media?parent=29641"}],"wp:term":[{"taxonomy":"category","embeddable":true,"href":"https:\/\/blogdorogeriogomes.com.br\/noticias\/wp-json\/wp\/v2\/categories?post=29641"},{"taxonomy":"post_tag","embeddable":true,"href":"https:\/\/blogdorogeriogomes.com.br\/noticias\/wp-json\/wp\/v2\/tags?post=29641"}],"curies":[{"name":"wp","href":"https:\/\/api.w.org\/{rel}","templated":true}]}}