{"id":29645,"date":"2023-06-23T00:31:00","date_gmt":"2023-06-23T00:31:00","guid":{"rendered":"https:\/\/blogdorogeriogomes.com.br\/?p=29645"},"modified":"2023-06-23T14:24:12","modified_gmt":"2023-06-23T14:24:12","slug":"elmano-de-freitas-discute-reforma-tributaria-com-outros-governadores-e-arthur-lira-em-brasilia","status":"publish","type":"post","link":"https:\/\/blogdorogeriogomes.com.br\/noticias\/2023\/06\/elmano-de-freitas-discute-reforma-tributaria-com-outros-governadores-e-arthur-lira-em-brasilia\/","title":{"rendered":"Elmano de Freitas discute reforma tribut\u00e1ria com outros governadores e Arthur Lira em Bras\u00edlia"},"content":{"rendered":"\n<p>O governador do Cear\u00e1, Elmano de Freitas, participou da reuni\u00e3o, realizada em Bras\u00edlia, nesta quinta-feira, dia 22 de junho, com o presidente da C\u00e2mara dos Deputados, Arthur Lira, e os demais governadores do Brasil. Em pauta, o projeto da reforma tribut\u00e1ria. &#8220;A proposta \u00e9 muito importante, principalmente, para os estados do Nordeste, tendo em vista que prev\u00ea mudan\u00e7as na cobran\u00e7a do tributo. A ideia \u00e9 que passe a ser feita na venda final do produto e n\u00e3o mais na cadeia de fabrica\u00e7\u00e3o&#8221;, disse Elmano.<\/p>\n\n\n\n<p>A proposta, que est\u00e1 sendo amplamente discutida com os parlamentares e o governo federal, proporcionar\u00e1 o aumento de investimentos e da competitividade do setor industrial e do agroneg\u00f3cio. &#8220;Representa, deste modo, maior crescimento econ\u00f4mico para o nosso pa\u00eds. Tamb\u00e9m est\u00e1 prevista a cria\u00e7\u00e3o do Fundo de Desenvolvimento Regional. Estamos trabalhando para o Cear\u00e1 ser beneficiado com o projeto&#8221;, acrescentou o governador.<\/p>\n\n\n\n<figure class=\"wp-block-image size-large\"><img loading=\"lazy\" decoding=\"async\" width=\"1024\" height=\"683\" src=\"https:\/\/blogdorogeriogomes.com.br\/wp-content\/uploads\/2023\/06\/IMG-20230622-WA0137-1024x683.jpg\" alt=\"\" class=\"wp-image-29646\" srcset=\"https:\/\/blogdorogeriogomes.com.br\/noticias\/wp-content\/uploads\/2023\/06\/IMG-20230622-WA0137-1024x683.jpg 1024w, https:\/\/blogdorogeriogomes.com.br\/noticias\/wp-content\/uploads\/2023\/06\/IMG-20230622-WA0137-300x200.jpg 300w, https:\/\/blogdorogeriogomes.com.br\/noticias\/wp-content\/uploads\/2023\/06\/IMG-20230622-WA0137-768x512.jpg 768w, https:\/\/blogdorogeriogomes.com.br\/noticias\/wp-content\/uploads\/2023\/06\/IMG-20230622-WA0137-800x533.jpg 800w, https:\/\/blogdorogeriogomes.com.br\/noticias\/wp-content\/uploads\/2023\/06\/IMG-20230622-WA0137.jpg 1080w\" sizes=\"auto, (max-width: 1024px) 100vw, 1024px\" \/><\/figure>\n","protected":false},"excerpt":{"rendered":"<p>O governador do Cear\u00e1, Elmano de Freitas, participou da reuni\u00e3o, realizada em Bras\u00edlia, nesta quinta-feira, dia 22 de junho, com o presidente da C\u00e2mara dos Deputados, Arthur Lira, e os demais governadores do Brasil. Em pauta, o projeto da reforma tribut\u00e1ria. &#8220;A proposta \u00e9 muito importante, principalmente, para os estados do Nordeste, tendo em vista que prev\u00ea mudan\u00e7as na cobran\u00e7a do tributo. A ideia \u00e9 que passe a ser feita na venda final do produto e n\u00e3o mais na&hellip;<\/p>\n","protected":false},"author":1,"featured_media":29646,"comment_status":"open","ping_status":"open","sticky":false,"template":"","format":"standard","meta":{"footnotes":""},"categories":[1],"tags":[],"class_list":["post-29645","post","type-post","status-publish","format-standard","has-post-thumbnail","hentry","category-noticias"],"_links":{"self":[{"href":"https:\/\/blogdorogeriogomes.com.br\/noticias\/wp-json\/wp\/v2\/posts\/29645","targetHints":{"allow":["GET"]}}],"collection":[{"href":"https:\/\/blogdorogeriogomes.com.br\/noticias\/wp-json\/wp\/v2\/posts"}],"about":[{"href":"https:\/\/blogdorogeriogomes.com.br\/noticias\/wp-json\/wp\/v2\/types\/post"}],"author":[{"embeddable":true,"href":"https:\/\/blogdorogeriogomes.com.br\/noticias\/wp-json\/wp\/v2\/users\/1"}],"replies":[{"embeddable":true,"href":"https:\/\/blogdorogeriogomes.com.br\/noticias\/wp-json\/wp\/v2\/comments?post=29645"}],"version-history":[{"count":1,"href":"https:\/\/blogdorogeriogomes.com.br\/noticias\/wp-json\/wp\/v2\/posts\/29645\/revisions"}],"predecessor-version":[{"id":29647,"href":"https:\/\/blogdorogeriogomes.com.br\/noticias\/wp-json\/wp\/v2\/posts\/29645\/revisions\/29647"}],"wp:featuredmedia":[{"embeddable":true,"href":"https:\/\/blogdorogeriogomes.com.br\/noticias\/wp-json\/wp\/v2\/media\/29646"}],"wp:attachment":[{"href":"https:\/\/blogdorogeriogomes.com.br\/noticias\/wp-json\/wp\/v2\/media?parent=29645"}],"wp:term":[{"taxonomy":"category","embeddable":true,"href":"https:\/\/blogdorogeriogomes.com.br\/noticias\/wp-json\/wp\/v2\/categories?post=29645"},{"taxonomy":"post_tag","embeddable":true,"href":"https:\/\/blogdorogeriogomes.com.br\/noticias\/wp-json\/wp\/v2\/tags?post=29645"}],"curies":[{"name":"wp","href":"https:\/\/api.w.org\/{rel}","templated":true}]}}