{"id":29648,"date":"2023-06-23T10:43:39","date_gmt":"2023-06-23T10:43:39","guid":{"rendered":"https:\/\/blogdorogeriogomes.com.br\/?p=29648"},"modified":"2023-06-26T17:10:58","modified_gmt":"2023-06-26T17:10:58","slug":"encontro-regional-do-pdt-expoe-racha-entre-aliados-de-ciro-gomes-e-do-irmao-cid-gomes","status":"publish","type":"post","link":"https:\/\/blogdorogeriogomes.com.br\/noticias\/2023\/06\/encontro-regional-do-pdt-expoe-racha-entre-aliados-de-ciro-gomes-e-do-irmao-cid-gomes\/","title":{"rendered":"Encontro regional do PDT exp\u00f5e racha entre aliados de Ciro Gomes e do irm\u00e3o Cid Gomes"},"content":{"rendered":"\n<p>O Encontro Regional do PDT, em Fortaleza, que prossegue at\u00e9 esta sexta-feira, dia 23 de junho, exp\u00f5e o racha no partido envolvendo aliados do ex-ministro Ciro Gomes e do seu irm\u00e3o, o senador Cid Gomes. Feridas ainda n\u00e3o cicatrizadas da campanha eleitoral de 2022. Ciro estava no encontro acompanhado do prefeito de Fortaleza, Jos\u00e9 Sarto, do ex-prefeito Roberto Cl\u00e1udio, do presidente da C\u00e2mara Municipal, Gardel Rolim, e do presidente estadual do PDT, Andr\u00e9 Figueiredo.<\/p>\n\n\n\n<p>Mas o senador Cid Gomes n\u00e3o se fez presente ao encontro, o que tamb\u00e9m aconteceu com seus aliados, como o presidente da Assembleia Legislativa do Cear\u00e1, Evandro Leit\u00e3o. A maioria dos deputados estaduais pedetistas tamb\u00e9m n\u00e3o apareceu.<\/p>\n\n\n\n<p>Cid Gomes tenta assumir o comando do PDT no Cear\u00e1, mas ainda n\u00e3o conseguiu um acordo com Andr\u00e9 Figueiredo. O senador defende harmonia na legenda e uma aproxima\u00e7\u00e3o com o PT de Lula, Camilo Santana e Elmano de Freitas.<\/p>\n\n\n\n<p>Mas a dist\u00e2ncia entre os grupos pedetistas s\u00f3 aumenta. Em entrevista ao Di\u00e1rio do Nordeste, Ciro Gomes demonstrou seu inconformismo com a derrota eleitoral no ano passado e n\u00e3o esconde sua indigna\u00e7\u00e3o com o grupo pol\u00edtico de Camilo Santana (PT). &#8220;Me preocupa muito o monop\u00f3lio de poder que o Camilo est\u00e1 querendo montar no Cear\u00e1&#8221;. Refor\u00e7ou ainda o distanciamento do irm\u00e3o Cid com quem rompeu politicamente. &#8220;Esta faca ainda est\u00e1 ardendo muito nas minhas costas, portanto se voc\u00ea me permitir eu n\u00e3o desejo fazer nenhum coment\u00e1rio sobre este assunto, porque a faca ainda arde. Eu acho que eu vou morrer com essa dor nas minhas costas&#8221;, disse ao DN.<\/p>\n\n\n\n<figure class=\"wp-block-image size-large\"><img loading=\"lazy\" decoding=\"async\" width=\"1024\" height=\"682\" src=\"https:\/\/blogdorogeriogomes.com.br\/wp-content\/uploads\/2023\/06\/IMG-20230623-WA0009-1024x682.jpg\" alt=\"\" class=\"wp-image-29649\" srcset=\"https:\/\/blogdorogeriogomes.com.br\/noticias\/wp-content\/uploads\/2023\/06\/IMG-20230623-WA0009-1024x682.jpg 1024w, https:\/\/blogdorogeriogomes.com.br\/noticias\/wp-content\/uploads\/2023\/06\/IMG-20230623-WA0009-300x200.jpg 300w, https:\/\/blogdorogeriogomes.com.br\/noticias\/wp-content\/uploads\/2023\/06\/IMG-20230623-WA0009-768x512.jpg 768w, https:\/\/blogdorogeriogomes.com.br\/noticias\/wp-content\/uploads\/2023\/06\/IMG-20230623-WA0009-800x533.jpg 800w, https:\/\/blogdorogeriogomes.com.br\/noticias\/wp-content\/uploads\/2023\/06\/IMG-20230623-WA0009.jpg 1066w\" sizes=\"auto, (max-width: 1024px) 100vw, 1024px\" \/><\/figure>\n","protected":false},"excerpt":{"rendered":"<p>O Encontro Regional do PDT, em Fortaleza, que prossegue at\u00e9 esta sexta-feira, dia 23 de junho, exp\u00f5e o racha no partido envolvendo aliados do ex-ministro Ciro Gomes e do seu irm\u00e3o, o senador Cid Gomes. Feridas ainda n\u00e3o cicatrizadas da campanha eleitoral de 2022. Ciro estava no encontro acompanhado do prefeito de Fortaleza, Jos\u00e9 Sarto, do ex-prefeito Roberto Cl\u00e1udio, do presidente da C\u00e2mara Municipal, Gardel Rolim, e do presidente estadual do PDT, Andr\u00e9 Figueiredo. Mas o senador Cid Gomes&hellip;<\/p>\n","protected":false},"author":1,"featured_media":29649,"comment_status":"open","ping_status":"open","sticky":false,"template":"","format":"standard","meta":{"footnotes":""},"categories":[1],"tags":[],"class_list":["post-29648","post","type-post","status-publish","format-standard","has-post-thumbnail","hentry","category-noticias"],"_links":{"self":[{"href":"https:\/\/blogdorogeriogomes.com.br\/noticias\/wp-json\/wp\/v2\/posts\/29648","targetHints":{"allow":["GET"]}}],"collection":[{"href":"https:\/\/blogdorogeriogomes.com.br\/noticias\/wp-json\/wp\/v2\/posts"}],"about":[{"href":"https:\/\/blogdorogeriogomes.com.br\/noticias\/wp-json\/wp\/v2\/types\/post"}],"author":[{"embeddable":true,"href":"https:\/\/blogdorogeriogomes.com.br\/noticias\/wp-json\/wp\/v2\/users\/1"}],"replies":[{"embeddable":true,"href":"https:\/\/blogdorogeriogomes.com.br\/noticias\/wp-json\/wp\/v2\/comments?post=29648"}],"version-history":[{"count":1,"href":"https:\/\/blogdorogeriogomes.com.br\/noticias\/wp-json\/wp\/v2\/posts\/29648\/revisions"}],"predecessor-version":[{"id":29650,"href":"https:\/\/blogdorogeriogomes.com.br\/noticias\/wp-json\/wp\/v2\/posts\/29648\/revisions\/29650"}],"wp:featuredmedia":[{"embeddable":true,"href":"https:\/\/blogdorogeriogomes.com.br\/noticias\/wp-json\/wp\/v2\/media\/29649"}],"wp:attachment":[{"href":"https:\/\/blogdorogeriogomes.com.br\/noticias\/wp-json\/wp\/v2\/media?parent=29648"}],"wp:term":[{"taxonomy":"category","embeddable":true,"href":"https:\/\/blogdorogeriogomes.com.br\/noticias\/wp-json\/wp\/v2\/categories?post=29648"},{"taxonomy":"post_tag","embeddable":true,"href":"https:\/\/blogdorogeriogomes.com.br\/noticias\/wp-json\/wp\/v2\/tags?post=29648"}],"curies":[{"name":"wp","href":"https:\/\/api.w.org\/{rel}","templated":true}]}}