{"id":29657,"date":"2023-06-26T13:41:14","date_gmt":"2023-06-26T13:41:14","guid":{"rendered":"https:\/\/blogdorogeriogomes.com.br\/?p=29657"},"modified":"2023-06-26T17:11:10","modified_gmt":"2023-06-26T17:11:10","slug":"presidente-da-camara-municipal-de-fortaleza-faz-balanco-da-gestao-nos-seis-primeiros-meses-do-ano","status":"publish","type":"post","link":"https:\/\/blogdorogeriogomes.com.br\/noticias\/2023\/06\/presidente-da-camara-municipal-de-fortaleza-faz-balanco-da-gestao-nos-seis-primeiros-meses-do-ano\/","title":{"rendered":"Presidente da C\u00e2mara Municipal de Fortaleza faz balan\u00e7o da gest\u00e3o nos seis primeiros meses do ano"},"content":{"rendered":"\n<p>O presidente da C\u00e2mara Municipal de Fortaleza, vereador Gardel Rolim (PDT), far\u00e1 uma balan\u00e7o das a\u00e7\u00f5es do primeiro semestre \u00e0 frente da Casa. O evento acontece na quinta-feira, dia 29 de junho, na sede da presid\u00eancia da C\u00e2mara Municipal.<\/p>\n\n\n\n<p>O encontro tem como objetivo compartilhar os resultados alcan\u00e7ados atrav\u00e9s das iniciativas, projetos e avan\u00e7os que t\u00eam sido realizados em benef\u00edcio da Capital nos primeiros seis meses do ano.<\/p>\n\n\n\n<figure class=\"wp-block-image size-full\"><img loading=\"lazy\" decoding=\"async\" width=\"679\" height=\"452\" src=\"https:\/\/blogdorogeriogomes.com.br\/wp-content\/uploads\/2023\/06\/images-41.jpeg\" alt=\"\" class=\"wp-image-29658\" srcset=\"https:\/\/blogdorogeriogomes.com.br\/noticias\/wp-content\/uploads\/2023\/06\/images-41.jpeg 679w, https:\/\/blogdorogeriogomes.com.br\/noticias\/wp-content\/uploads\/2023\/06\/images-41-300x200.jpeg 300w\" sizes=\"auto, (max-width: 679px) 100vw, 679px\" \/><\/figure>\n\n\n\n<p><\/p>\n\n\n\n<p><\/p>\n","protected":false},"excerpt":{"rendered":"<p>O presidente da C\u00e2mara Municipal de Fortaleza, vereador Gardel Rolim (PDT), far\u00e1 uma balan\u00e7o das a\u00e7\u00f5es do primeiro semestre \u00e0 frente da Casa. O evento acontece na quinta-feira, dia 29 de junho, na sede da presid\u00eancia da C\u00e2mara Municipal. O encontro tem como objetivo compartilhar os resultados alcan\u00e7ados atrav\u00e9s das iniciativas, projetos e avan\u00e7os que t\u00eam sido realizados em benef\u00edcio da Capital nos primeiros seis meses do ano.<\/p>\n","protected":false},"author":1,"featured_media":29658,"comment_status":"open","ping_status":"open","sticky":false,"template":"","format":"standard","meta":{"footnotes":""},"categories":[1],"tags":[],"class_list":["post-29657","post","type-post","status-publish","format-standard","has-post-thumbnail","hentry","category-noticias"],"_links":{"self":[{"href":"https:\/\/blogdorogeriogomes.com.br\/noticias\/wp-json\/wp\/v2\/posts\/29657","targetHints":{"allow":["GET"]}}],"collection":[{"href":"https:\/\/blogdorogeriogomes.com.br\/noticias\/wp-json\/wp\/v2\/posts"}],"about":[{"href":"https:\/\/blogdorogeriogomes.com.br\/noticias\/wp-json\/wp\/v2\/types\/post"}],"author":[{"embeddable":true,"href":"https:\/\/blogdorogeriogomes.com.br\/noticias\/wp-json\/wp\/v2\/users\/1"}],"replies":[{"embeddable":true,"href":"https:\/\/blogdorogeriogomes.com.br\/noticias\/wp-json\/wp\/v2\/comments?post=29657"}],"version-history":[{"count":1,"href":"https:\/\/blogdorogeriogomes.com.br\/noticias\/wp-json\/wp\/v2\/posts\/29657\/revisions"}],"predecessor-version":[{"id":29659,"href":"https:\/\/blogdorogeriogomes.com.br\/noticias\/wp-json\/wp\/v2\/posts\/29657\/revisions\/29659"}],"wp:featuredmedia":[{"embeddable":true,"href":"https:\/\/blogdorogeriogomes.com.br\/noticias\/wp-json\/wp\/v2\/media\/29658"}],"wp:attachment":[{"href":"https:\/\/blogdorogeriogomes.com.br\/noticias\/wp-json\/wp\/v2\/media?parent=29657"}],"wp:term":[{"taxonomy":"category","embeddable":true,"href":"https:\/\/blogdorogeriogomes.com.br\/noticias\/wp-json\/wp\/v2\/categories?post=29657"},{"taxonomy":"post_tag","embeddable":true,"href":"https:\/\/blogdorogeriogomes.com.br\/noticias\/wp-json\/wp\/v2\/tags?post=29657"}],"curies":[{"name":"wp","href":"https:\/\/api.w.org\/{rel}","templated":true}]}}