{"id":29662,"date":"2023-06-26T20:56:42","date_gmt":"2023-06-26T20:56:42","guid":{"rendered":"https:\/\/blogdorogeriogomes.com.br\/?p=29662"},"modified":"2023-06-29T11:18:42","modified_gmt":"2023-06-29T11:18:42","slug":"projeto-grandes-debates-de-junho-discute-regiao-metropolitana-do-cariri","status":"publish","type":"post","link":"https:\/\/blogdorogeriogomes.com.br\/noticias\/2023\/06\/projeto-grandes-debates-de-junho-discute-regiao-metropolitana-do-cariri\/","title":{"rendered":"Projeto Grandes Debates de junho discute Regi\u00e3o Metropolitana do Cariri"},"content":{"rendered":"\n<p>O projeto \u201cGrandes Debates \u2013 Parlamento Protagonista\u201d deste m\u00eas de junho traz como tema \u201cRegi\u00e3o Metropolitana do Cariri \u2013 14 anos depois \u2013 Avan\u00e7os e Desafios\u201d. A Regi\u00e3o Metropolitana do Cariri foi criada em 2009, pela Lei Complementar n\u00ba 78. Atualmente \u00e9 composta por nove munic\u00edpios: Juazeiro do Norte, Crato, Barbalha, Jardim, Miss\u00e3o Velha, Cariria\u00e7u, Farias Brito, Nova Olinda e Santana do Cariri. Enquanto Regi\u00e3o Metropolitana, as nove cidades, que comp\u00f5em o Cariri devem executar o Plano de Desenvolvimento Urbano Integrado (PDUI), visando estabelecer diretrizes, projetos e a\u00e7\u00f5es para a regi\u00e3o, se constituindo num instrumento para o seu desenvolvimento sustent\u00e1vel e equilibrado. O PDUI do Cariri j\u00e1 come\u00e7ou a ser elaborado, mas ainda n\u00e3o foi implementado.<\/p>\n\n\n\n<p>O Cariri possui cerca de 605 mil habitantes, sendo Juazeiro do Norte o maior munic\u00edpio da regi\u00e3o, com aproximadamente 270 mil habitantes. Uma s\u00e9rie de problemas em comum atingem os munic\u00edpios do Cariri, dentre eles mobilidade urbana e sistema vi\u00e1rio, gera\u00e7\u00e3o de emprego e renda, destina\u00e7\u00e3o dos res\u00edduos s\u00f3lidos, utiliza\u00e7\u00e3o dos recursos naturais e minerais, desigualdades socioespaciais, precariedade da infraestrutura urbana, d\u00e9ficit habitacional e ocupa\u00e7\u00e3o de \u00e1reas de risco, aumento da viol\u00eancia urbana, aus\u00eancia de ordenamento territorial e uso indevido do solo urbano, al\u00e9m da aus\u00eancia de equipamentos p\u00fablicos importantes para a provis\u00e3o de servi\u00e7os essenciais.<\/p>\n\n\n\n<p>Os convidados para conversar acerca desses problemas, assim como sobre a perspectiva de um novo desenho para a regi\u00e3o s\u00e3o a professora Firmiana Santos Fonseca Siebra, do Departamento de Geoci\u00eancias da Universidade Regional do Cariri; o professor Francisco Raniere Moreira da Silva,&nbsp;coordenador do Laborat\u00f3rio de Estudos em Gest\u00e3o de Cidades e Territ\u00f3rios (LaCITE\/UFCA) e do Observat\u00f3rio das Cidades do Cariri; e o deputado estadual Davi de Raimund\u00e3o, natural de Juazeiro do Norte, presidente do Conselho de Altos Estudos e Assuntos Estrat\u00e9gicos. O debate ser\u00e1 exibido em 27 de junho, ter\u00e7a-feira, \u00e0s 21h, pela TV Assembleia, R\u00e1dio FM Assembleia e redes sociais da Casa, com media\u00e7\u00e3o do jornalista Ruy Lima. A coordena\u00e7\u00e3o do \u201cGrandes Debates\u201d \u00e9 do Conselho de Altos Estudos e Assuntos Estrat\u00e9gicos, \u00f3rg\u00e3o da Assembleia Legislativa, que tem como como secret\u00e1ria executiva, Luiza Martins.<\/p>\n\n\n\n<p>A Assembleia Legislativa come\u00e7ou a discutir um projeto de lei do deputado Davi de Raimund\u00e3o (MDB), no m\u00eas passado, que prev\u00ea a inclus\u00e3o de mais dez cidades na Regi\u00e3o Metropolitana do Cariri, ou seja, Altaneira, Assar\u00e9, Aurora, Barro, Brejo Santo, Lavras da Mangabeira, Mauriti, Milagres, Porteiras e Potengi. O projeto prop\u00f5e ainda que o munic\u00edpio de Juazeiro do Norte seja formalizado como sede da regi\u00e3o e que seja criado um Conselho de Desenvolvimento e Integra\u00e7\u00e3o da Regi\u00e3o Metropolitana do Cariri.<\/p>\n\n\n\n<p>A Regi\u00e3o Metropolitana do Cariri possui potencialidades como o Distrito Industrial, a voca\u00e7\u00e3o cultural e tur\u00edstica religiosa, com a romaria dos devotos do Padre C\u00edcero, um polo universit\u00e1rio federal, a APA da Chapada do Araripe e a Floresta Nacional do Araripe, o Geopark Araripe, a reserva h\u00eddrica, o funcionamento do Ve\u00edculo Leve sobre Trilhos (VLT), o crescimento do Aeroporto Orlando Bezerra de Menezes, em Juazeiro do Norte, al\u00e9m de ser uma \u00e1rea estrat\u00e9gica para a pesquisa arqueol\u00f3gica, geol\u00f3gica e paleontol\u00f3gica, com o Museu de Paleontologia Pl\u00e1cido Cidade Nuvens da Universidade Regional do Cariri (URCA), em Santana do Cariri, se fortalecendo como um dos principais polos econ\u00f4micos e populacionais do Nordeste brasileiro.<br>&nbsp;<br><\/p>\n\n\n\n<figure class=\"wp-block-image size-full\"><img loading=\"lazy\" decoding=\"async\" width=\"640\" height=\"480\" src=\"https:\/\/blogdorogeriogomes.com.br\/wp-content\/uploads\/2023\/06\/images-42.jpeg\" alt=\"\" class=\"wp-image-29663\" srcset=\"https:\/\/blogdorogeriogomes.com.br\/noticias\/wp-content\/uploads\/2023\/06\/images-42.jpeg 640w, https:\/\/blogdorogeriogomes.com.br\/noticias\/wp-content\/uploads\/2023\/06\/images-42-300x225.jpeg 300w, https:\/\/blogdorogeriogomes.com.br\/noticias\/wp-content\/uploads\/2023\/06\/images-42-400x300.jpeg 400w\" sizes=\"auto, (max-width: 640px) 100vw, 640px\" \/><\/figure>\n\n\n\n<p><\/p>\n\n\n\n<p><\/p>\n","protected":false},"excerpt":{"rendered":"<p>O projeto \u201cGrandes Debates \u2013 Parlamento Protagonista\u201d deste m\u00eas de junho traz como tema \u201cRegi\u00e3o Metropolitana do Cariri \u2013 14 anos depois \u2013 Avan\u00e7os e Desafios\u201d. A Regi\u00e3o Metropolitana do Cariri foi criada em 2009, pela Lei Complementar n\u00ba 78. Atualmente \u00e9 composta por nove munic\u00edpios: Juazeiro do Norte, Crato, Barbalha, Jardim, Miss\u00e3o Velha, Cariria\u00e7u, Farias Brito, Nova Olinda e Santana do Cariri. Enquanto Regi\u00e3o Metropolitana, as nove cidades, que comp\u00f5em o Cariri devem executar o Plano de Desenvolvimento&hellip;<\/p>\n","protected":false},"author":1,"featured_media":29663,"comment_status":"open","ping_status":"open","sticky":false,"template":"","format":"standard","meta":{"footnotes":""},"categories":[1],"tags":[],"class_list":["post-29662","post","type-post","status-publish","format-standard","has-post-thumbnail","hentry","category-noticias"],"_links":{"self":[{"href":"https:\/\/blogdorogeriogomes.com.br\/noticias\/wp-json\/wp\/v2\/posts\/29662","targetHints":{"allow":["GET"]}}],"collection":[{"href":"https:\/\/blogdorogeriogomes.com.br\/noticias\/wp-json\/wp\/v2\/posts"}],"about":[{"href":"https:\/\/blogdorogeriogomes.com.br\/noticias\/wp-json\/wp\/v2\/types\/post"}],"author":[{"embeddable":true,"href":"https:\/\/blogdorogeriogomes.com.br\/noticias\/wp-json\/wp\/v2\/users\/1"}],"replies":[{"embeddable":true,"href":"https:\/\/blogdorogeriogomes.com.br\/noticias\/wp-json\/wp\/v2\/comments?post=29662"}],"version-history":[{"count":2,"href":"https:\/\/blogdorogeriogomes.com.br\/noticias\/wp-json\/wp\/v2\/posts\/29662\/revisions"}],"predecessor-version":[{"id":29698,"href":"https:\/\/blogdorogeriogomes.com.br\/noticias\/wp-json\/wp\/v2\/posts\/29662\/revisions\/29698"}],"wp:featuredmedia":[{"embeddable":true,"href":"https:\/\/blogdorogeriogomes.com.br\/noticias\/wp-json\/wp\/v2\/media\/29663"}],"wp:attachment":[{"href":"https:\/\/blogdorogeriogomes.com.br\/noticias\/wp-json\/wp\/v2\/media?parent=29662"}],"wp:term":[{"taxonomy":"category","embeddable":true,"href":"https:\/\/blogdorogeriogomes.com.br\/noticias\/wp-json\/wp\/v2\/categories?post=29662"},{"taxonomy":"post_tag","embeddable":true,"href":"https:\/\/blogdorogeriogomes.com.br\/noticias\/wp-json\/wp\/v2\/tags?post=29662"}],"curies":[{"name":"wp","href":"https:\/\/api.w.org\/{rel}","templated":true}]}}