{"id":29665,"date":"2023-06-27T09:34:24","date_gmt":"2023-06-27T09:34:24","guid":{"rendered":"https:\/\/blogdorogeriogomes.com.br\/?p=29665"},"modified":"2023-06-29T11:18:24","modified_gmt":"2023-06-29T11:18:24","slug":"apos-reuniao-de-lupi-cid-e-andre-pdt-deve-reabrir-dialogo-com-camilo-santana-e-elmano-de-freitas","status":"publish","type":"post","link":"https:\/\/blogdorogeriogomes.com.br\/noticias\/2023\/06\/apos-reuniao-de-lupi-cid-e-andre-pdt-deve-reabrir-dialogo-com-camilo-santana-e-elmano-de-freitas\/","title":{"rendered":"Ap\u00f3s reuni\u00e3o de Lupi, Cid e Andr\u00e9, PDT deve reabrir di\u00e1logo com Camilo Santana e Elmano de Freitas"},"content":{"rendered":"\n<p>Em busca da unidade partid\u00e1ria dentro do PDT, o presidente licenciado e ministro do Governo Lula, Carlos Lupi, esteve em Fortaleza nesta segunda-feira, dia 26 de junho, e se reuniu com o senador Cid Gomes e com o deputado federal Andr\u00e9 Figueiredo, que preside hoje o PDT estadual.<\/p>\n\n\n\n<p>Ap\u00f3s o encontro, Lupi defende que o PDT deve retomar o di\u00e1logo com o ministro da Educa\u00e7\u00e3o, Camilo Santana (PT), e com o governador Elmano de Freitas (PT). A reaproxima\u00e7\u00e3o com o PT \u00e9 defendida por Cid Gomes e pelo presidente da Assembleia Legislativa, Evandro Leit\u00e3o. Cid diz ter uma parcela majorit\u00e1ria no PDT cearense que deseja integrar a base do Governo Elmano de Freitas.<\/p>\n\n\n\n<p>O senador pedetista diz ter o apoio de 13 de 16 deputados estaduais, 6 de 7 deputados federais (incluindo os suplentes em exerc\u00edcio) e 57 dos 59 prefeitos do PDT no Cear\u00e1. Cid ressalta que esse grupo deseja que ele assuma o comando do PDT no Estado, ideia que \u00e9 refutada por Andr\u00e9 Figueiredo que pretende ficar at\u00e9 dezembro no cargo. A ideia de convocar uma reuni\u00e3o do diret\u00f3rio estadual do partido n\u00e3o est\u00e1 descartada.<\/p>\n\n\n\n<p>No pano de fundo da crise dentro do PDT est\u00e3o as declara\u00e7\u00f5es cr\u00edticas do ex-ministro Ciro Gomes e do ex-prefeito de Fortaleza, Roberto Cl\u00e1udio, ao governo de Elmano de Freitas. Derrotados nas elei\u00e7\u00f5es do ano passado, Ciro e RC querem se manter na oposi\u00e7\u00e3o. Ainda h\u00e1 o fato do atual prefeito de Fortaleza, Jos\u00e9 Sarto, querer pleitear a reelei\u00e7\u00e3o mas n\u00e3o ser unanimidade dentro da legenda.<\/p>\n\n\n\n<p>Cid Gomes garante que parlamentares e prefeitos do PDT querem retomar a paz no partido. Por isso, \u00e9 preciso reagrupar as for\u00e7as pol\u00edticas em torno de um projeto no Estado. &#8220;Esse grupo que est\u00e1 aqui (aliados de Cid Gomes) quer paz, quer olhar para frente, quer virar a p\u00e1gina das elei\u00e7\u00f5es (de 2022) e quer olhar pra frente. Tudo pode ser discutido na frente, n\u00e9? Inclusive a rela\u00e7\u00e3o com o Governo Federal, a rela\u00e7\u00e3o com o Governo do Estado, mas isso tudo a gente deve fazer internamente, respeitando o pensamento majorit\u00e1rio do partido&#8221;, avaliou o senador.&nbsp;Os irm\u00e3os Ivo Gomes (prefeito de Sobral) e Lia Gomes (deputada estadual) est\u00e3o do lado da tese de Cid Gomes.<\/p>\n\n\n\n<figure class=\"wp-block-image size-large\"><img loading=\"lazy\" decoding=\"async\" width=\"1024\" height=\"1024\" src=\"https:\/\/blogdorogeriogomes.com.br\/wp-content\/uploads\/2023\/06\/8DF5EAF2-9354-4FB2-97C5-5F4640041A76-1024x1024.jpeg\" alt=\"\" class=\"wp-image-29666\" srcset=\"https:\/\/blogdorogeriogomes.com.br\/noticias\/wp-content\/uploads\/2023\/06\/8DF5EAF2-9354-4FB2-97C5-5F4640041A76-1024x1024.jpeg 1024w, https:\/\/blogdorogeriogomes.com.br\/noticias\/wp-content\/uploads\/2023\/06\/8DF5EAF2-9354-4FB2-97C5-5F4640041A76-300x300.jpeg 300w, https:\/\/blogdorogeriogomes.com.br\/noticias\/wp-content\/uploads\/2023\/06\/8DF5EAF2-9354-4FB2-97C5-5F4640041A76-150x150.jpeg 150w, https:\/\/blogdorogeriogomes.com.br\/noticias\/wp-content\/uploads\/2023\/06\/8DF5EAF2-9354-4FB2-97C5-5F4640041A76-768x768.jpeg 768w, https:\/\/blogdorogeriogomes.com.br\/noticias\/wp-content\/uploads\/2023\/06\/8DF5EAF2-9354-4FB2-97C5-5F4640041A76-1536x1536.jpeg 1536w, https:\/\/blogdorogeriogomes.com.br\/noticias\/wp-content\/uploads\/2023\/06\/8DF5EAF2-9354-4FB2-97C5-5F4640041A76-800x800.jpeg 800w, https:\/\/blogdorogeriogomes.com.br\/noticias\/wp-content\/uploads\/2023\/06\/8DF5EAF2-9354-4FB2-97C5-5F4640041A76-250x250.jpeg 250w, https:\/\/blogdorogeriogomes.com.br\/noticias\/wp-content\/uploads\/2023\/06\/8DF5EAF2-9354-4FB2-97C5-5F4640041A76.jpeg 2048w\" sizes=\"auto, (max-width: 1024px) 100vw, 1024px\" \/><\/figure>\n","protected":false},"excerpt":{"rendered":"<p>Em busca da unidade partid\u00e1ria dentro do PDT, o presidente licenciado e ministro do Governo Lula, Carlos Lupi, esteve em Fortaleza nesta segunda-feira, dia 26 de junho, e se reuniu com o senador Cid Gomes e com o deputado federal Andr\u00e9 Figueiredo, que preside hoje o PDT estadual. Ap\u00f3s o encontro, Lupi defende que o PDT deve retomar o di\u00e1logo com o ministro da Educa\u00e7\u00e3o, Camilo Santana (PT), e com o governador Elmano de Freitas (PT). A reaproxima\u00e7\u00e3o com&hellip;<\/p>\n","protected":false},"author":1,"featured_media":29666,"comment_status":"open","ping_status":"open","sticky":false,"template":"","format":"standard","meta":{"footnotes":""},"categories":[1],"tags":[],"class_list":["post-29665","post","type-post","status-publish","format-standard","has-post-thumbnail","hentry","category-noticias"],"_links":{"self":[{"href":"https:\/\/blogdorogeriogomes.com.br\/noticias\/wp-json\/wp\/v2\/posts\/29665","targetHints":{"allow":["GET"]}}],"collection":[{"href":"https:\/\/blogdorogeriogomes.com.br\/noticias\/wp-json\/wp\/v2\/posts"}],"about":[{"href":"https:\/\/blogdorogeriogomes.com.br\/noticias\/wp-json\/wp\/v2\/types\/post"}],"author":[{"embeddable":true,"href":"https:\/\/blogdorogeriogomes.com.br\/noticias\/wp-json\/wp\/v2\/users\/1"}],"replies":[{"embeddable":true,"href":"https:\/\/blogdorogeriogomes.com.br\/noticias\/wp-json\/wp\/v2\/comments?post=29665"}],"version-history":[{"count":2,"href":"https:\/\/blogdorogeriogomes.com.br\/noticias\/wp-json\/wp\/v2\/posts\/29665\/revisions"}],"predecessor-version":[{"id":29697,"href":"https:\/\/blogdorogeriogomes.com.br\/noticias\/wp-json\/wp\/v2\/posts\/29665\/revisions\/29697"}],"wp:featuredmedia":[{"embeddable":true,"href":"https:\/\/blogdorogeriogomes.com.br\/noticias\/wp-json\/wp\/v2\/media\/29666"}],"wp:attachment":[{"href":"https:\/\/blogdorogeriogomes.com.br\/noticias\/wp-json\/wp\/v2\/media?parent=29665"}],"wp:term":[{"taxonomy":"category","embeddable":true,"href":"https:\/\/blogdorogeriogomes.com.br\/noticias\/wp-json\/wp\/v2\/categories?post=29665"},{"taxonomy":"post_tag","embeddable":true,"href":"https:\/\/blogdorogeriogomes.com.br\/noticias\/wp-json\/wp\/v2\/tags?post=29665"}],"curies":[{"name":"wp","href":"https:\/\/api.w.org\/{rel}","templated":true}]}}