{"id":29668,"date":"2023-06-27T09:53:58","date_gmt":"2023-06-27T09:53:58","guid":{"rendered":"https:\/\/blogdorogeriogomes.com.br\/?p=29668"},"modified":"2023-06-29T11:18:16","modified_gmt":"2023-06-29T11:18:16","slug":"governo-do-ceara-anuncia-voos-semanais-para-buenos-aires-e-bogota-e-nova-frequencia-entre-juazeiro-do-norte-e-brasilia","status":"publish","type":"post","link":"https:\/\/blogdorogeriogomes.com.br\/noticias\/2023\/06\/governo-do-ceara-anuncia-voos-semanais-para-buenos-aires-e-bogota-e-nova-frequencia-entre-juazeiro-do-norte-e-brasilia\/","title":{"rendered":"Governo do Cear\u00e1 anuncia voos semanais para Buenos Aires e Bogot\u00e1 e nova frequ\u00eancia entre Juazeiro do Norte e Bras\u00edlia"},"content":{"rendered":"\n<p>O governador Elmano de Freitas anunciou novos voos semanais envolvendo munic\u00edpios cearenses, nesta segunda-feira, dia 26 de junho.<\/p>\n\n\n\n<p>Em parceria com a empresa Gol Linhas A\u00e9reas, destinos como Bogot\u00e1 e Buenos Aires poder\u00e3o ser acessados diretamente de Fortaleza.<\/p>\n\n\n\n<p>Outra novidade \u00e9 o voo para Bras\u00edlia, com conex\u00e3o em Fortaleza, partindo de Juazeiro do Norte.<\/p>\n\n\n\n\n\n<figure class=\"wp-block-image size-full\"><img loading=\"lazy\" decoding=\"async\" width=\"984\" height=\"554\" src=\"https:\/\/blogdorogeriogomes.com.br\/wp-content\/uploads\/2023\/06\/aeroporto-fortaleza-thiago-gadelha.jpg\" alt=\"\" class=\"wp-image-29669\" srcset=\"https:\/\/blogdorogeriogomes.com.br\/noticias\/wp-content\/uploads\/2023\/06\/aeroporto-fortaleza-thiago-gadelha.jpg 984w, https:\/\/blogdorogeriogomes.com.br\/noticias\/wp-content\/uploads\/2023\/06\/aeroporto-fortaleza-thiago-gadelha-300x169.jpg 300w, https:\/\/blogdorogeriogomes.com.br\/noticias\/wp-content\/uploads\/2023\/06\/aeroporto-fortaleza-thiago-gadelha-768x432.jpg 768w, https:\/\/blogdorogeriogomes.com.br\/noticias\/wp-content\/uploads\/2023\/06\/aeroporto-fortaleza-thiago-gadelha-800x450.jpg 800w\" sizes=\"auto, (max-width: 984px) 100vw, 984px\" \/><\/figure>\n\n\n\n<p><\/p>\n","protected":false},"excerpt":{"rendered":"<p>O governador Elmano de Freitas anunciou novos voos semanais envolvendo munic\u00edpios cearenses, nesta segunda-feira, dia 26 de junho. Em parceria com a empresa Gol Linhas A\u00e9reas, destinos como Bogot\u00e1 e Buenos Aires poder\u00e3o ser acessados diretamente de Fortaleza. Outra novidade \u00e9 o voo para Bras\u00edlia, com conex\u00e3o em Fortaleza, partindo de Juazeiro do Norte.<\/p>\n","protected":false},"author":1,"featured_media":29669,"comment_status":"open","ping_status":"open","sticky":false,"template":"","format":"standard","meta":{"footnotes":""},"categories":[1],"tags":[],"class_list":["post-29668","post","type-post","status-publish","format-standard","has-post-thumbnail","hentry","category-noticias"],"_links":{"self":[{"href":"https:\/\/blogdorogeriogomes.com.br\/noticias\/wp-json\/wp\/v2\/posts\/29668","targetHints":{"allow":["GET"]}}],"collection":[{"href":"https:\/\/blogdorogeriogomes.com.br\/noticias\/wp-json\/wp\/v2\/posts"}],"about":[{"href":"https:\/\/blogdorogeriogomes.com.br\/noticias\/wp-json\/wp\/v2\/types\/post"}],"author":[{"embeddable":true,"href":"https:\/\/blogdorogeriogomes.com.br\/noticias\/wp-json\/wp\/v2\/users\/1"}],"replies":[{"embeddable":true,"href":"https:\/\/blogdorogeriogomes.com.br\/noticias\/wp-json\/wp\/v2\/comments?post=29668"}],"version-history":[{"count":1,"href":"https:\/\/blogdorogeriogomes.com.br\/noticias\/wp-json\/wp\/v2\/posts\/29668\/revisions"}],"predecessor-version":[{"id":29670,"href":"https:\/\/blogdorogeriogomes.com.br\/noticias\/wp-json\/wp\/v2\/posts\/29668\/revisions\/29670"}],"wp:featuredmedia":[{"embeddable":true,"href":"https:\/\/blogdorogeriogomes.com.br\/noticias\/wp-json\/wp\/v2\/media\/29669"}],"wp:attachment":[{"href":"https:\/\/blogdorogeriogomes.com.br\/noticias\/wp-json\/wp\/v2\/media?parent=29668"}],"wp:term":[{"taxonomy":"category","embeddable":true,"href":"https:\/\/blogdorogeriogomes.com.br\/noticias\/wp-json\/wp\/v2\/categories?post=29668"},{"taxonomy":"post_tag","embeddable":true,"href":"https:\/\/blogdorogeriogomes.com.br\/noticias\/wp-json\/wp\/v2\/tags?post=29668"}],"curies":[{"name":"wp","href":"https:\/\/api.w.org\/{rel}","templated":true}]}}