{"id":29671,"date":"2023-06-27T10:04:37","date_gmt":"2023-06-27T10:04:37","guid":{"rendered":"https:\/\/blogdorogeriogomes.com.br\/?p=29671"},"modified":"2023-06-29T11:18:05","modified_gmt":"2023-06-29T11:18:05","slug":"lucio-gomes-assume-presidencia-da-companhia-docas-do-ceara-no-lugar-de-denis-bezerra","status":"publish","type":"post","link":"https:\/\/blogdorogeriogomes.com.br\/noticias\/2023\/06\/lucio-gomes-assume-presidencia-da-companhia-docas-do-ceara-no-lugar-de-denis-bezerra\/","title":{"rendered":"L\u00facio Gomes assume presid\u00eancia da Companhia Docas do Cear\u00e1 no lugar de D\u00eanis Bezerra"},"content":{"rendered":"\n<p>O ex-deputado federal D\u00eanis Bezerra renunciou \u00e0 presid\u00eancia da Companhia Docas do Cear\u00e1. Quem assume o comando \u00e9 o engenheiro L\u00facio Gomes, atrav\u00e9s de indica\u00e7\u00e3o do presidente Lula. L\u00facio \u00e9 irm\u00e3o do senador Cid Gomes. D\u00eanis Bezerra&nbsp;dever\u00e1 assumir cargo na Infraero.<\/p>\n\n\n\n<p>A Companhia Docas do Cear\u00e1 \u00e9 uma empresa respons\u00e1vel pela administra\u00e7\u00e3o do Porto do Mucuripe, Terminal Mar\u00edtimo e tancagem.<\/p>\n\n\n\n<p>O aval de Lula ao nome de L\u00facio Gomes para a Companhia Docas do Cear\u00e1 faz parte do pacote de indica\u00e7\u00f5es do ministro da Educa\u00e7\u00e3o, Camilo Santana, e tamb\u00e9m do pr\u00f3prio senador Cid Gomes.<\/p>\n\n\n\n<figure class=\"wp-block-image size-full\"><img loading=\"lazy\" decoding=\"async\" width=\"825\" height=\"686\" src=\"https:\/\/blogdorogeriogomes.com.br\/wp-content\/uploads\/2023\/06\/lucio-gomes-1-e1658927918584.jpg\" alt=\"\" class=\"wp-image-29672\" srcset=\"https:\/\/blogdorogeriogomes.com.br\/noticias\/wp-content\/uploads\/2023\/06\/lucio-gomes-1-e1658927918584.jpg 825w, https:\/\/blogdorogeriogomes.com.br\/noticias\/wp-content\/uploads\/2023\/06\/lucio-gomes-1-e1658927918584-300x249.jpg 300w, https:\/\/blogdorogeriogomes.com.br\/noticias\/wp-content\/uploads\/2023\/06\/lucio-gomes-1-e1658927918584-768x639.jpg 768w, https:\/\/blogdorogeriogomes.com.br\/noticias\/wp-content\/uploads\/2023\/06\/lucio-gomes-1-e1658927918584-800x665.jpg 800w\" sizes=\"auto, (max-width: 825px) 100vw, 825px\" \/><\/figure>\n","protected":false},"excerpt":{"rendered":"<p>O ex-deputado federal D\u00eanis Bezerra renunciou \u00e0 presid\u00eancia da Companhia Docas do Cear\u00e1. Quem assume o comando \u00e9 o engenheiro L\u00facio Gomes, atrav\u00e9s de indica\u00e7\u00e3o do presidente Lula. L\u00facio \u00e9 irm\u00e3o do senador Cid Gomes. D\u00eanis Bezerra&nbsp;dever\u00e1 assumir cargo na Infraero. A Companhia Docas do Cear\u00e1 \u00e9 uma empresa respons\u00e1vel pela administra\u00e7\u00e3o do Porto do Mucuripe, Terminal Mar\u00edtimo e tancagem. O aval de Lula ao nome de L\u00facio Gomes para a Companhia Docas do Cear\u00e1 faz parte do pacote&hellip;<\/p>\n","protected":false},"author":1,"featured_media":29672,"comment_status":"open","ping_status":"open","sticky":false,"template":"","format":"standard","meta":{"footnotes":""},"categories":[1],"tags":[],"class_list":["post-29671","post","type-post","status-publish","format-standard","has-post-thumbnail","hentry","category-noticias"],"_links":{"self":[{"href":"https:\/\/blogdorogeriogomes.com.br\/noticias\/wp-json\/wp\/v2\/posts\/29671","targetHints":{"allow":["GET"]}}],"collection":[{"href":"https:\/\/blogdorogeriogomes.com.br\/noticias\/wp-json\/wp\/v2\/posts"}],"about":[{"href":"https:\/\/blogdorogeriogomes.com.br\/noticias\/wp-json\/wp\/v2\/types\/post"}],"author":[{"embeddable":true,"href":"https:\/\/blogdorogeriogomes.com.br\/noticias\/wp-json\/wp\/v2\/users\/1"}],"replies":[{"embeddable":true,"href":"https:\/\/blogdorogeriogomes.com.br\/noticias\/wp-json\/wp\/v2\/comments?post=29671"}],"version-history":[{"count":2,"href":"https:\/\/blogdorogeriogomes.com.br\/noticias\/wp-json\/wp\/v2\/posts\/29671\/revisions"}],"predecessor-version":[{"id":29696,"href":"https:\/\/blogdorogeriogomes.com.br\/noticias\/wp-json\/wp\/v2\/posts\/29671\/revisions\/29696"}],"wp:featuredmedia":[{"embeddable":true,"href":"https:\/\/blogdorogeriogomes.com.br\/noticias\/wp-json\/wp\/v2\/media\/29672"}],"wp:attachment":[{"href":"https:\/\/blogdorogeriogomes.com.br\/noticias\/wp-json\/wp\/v2\/media?parent=29671"}],"wp:term":[{"taxonomy":"category","embeddable":true,"href":"https:\/\/blogdorogeriogomes.com.br\/noticias\/wp-json\/wp\/v2\/categories?post=29671"},{"taxonomy":"post_tag","embeddable":true,"href":"https:\/\/blogdorogeriogomes.com.br\/noticias\/wp-json\/wp\/v2\/tags?post=29671"}],"curies":[{"name":"wp","href":"https:\/\/api.w.org\/{rel}","templated":true}]}}