{"id":29677,"date":"2023-06-28T00:08:54","date_gmt":"2023-06-28T00:08:54","guid":{"rendered":"https:\/\/blogdorogeriogomes.com.br\/?p=29677"},"modified":"2023-06-29T11:17:20","modified_gmt":"2023-06-29T11:17:20","slug":"prefeito-de-fortaleza-jose-sarto-assina-contrato-de-r-250-milhoes-para-obras-de-infraestrutura-saude-e-esporte","status":"publish","type":"post","link":"https:\/\/blogdorogeriogomes.com.br\/noticias\/2023\/06\/prefeito-de-fortaleza-jose-sarto-assina-contrato-de-r-250-milhoes-para-obras-de-infraestrutura-saude-e-esporte\/","title":{"rendered":"Prefeito de Fortaleza Jos\u00e9 Sarto assina contrato de R$ 250 milh\u00f5es para obras de infraestrutura, sa\u00fade e esporte"},"content":{"rendered":"\n<p>O prefeito de Fortaleza, Jos\u00e9 Sarto, assinou, na tarde desta ter\u00e7a-feira, dia 27 de junho, contrato de opera\u00e7\u00e3o de cr\u00e9dito junto \u00e0 Caixa Econ\u00f4mica Federal (CEF) no valor de R$ 250 milh\u00f5es, dentro do programa Financiamento \u00e0 Infraestrutura e ao Saneamento (Finisa 2). A contrata\u00e7\u00e3o incrementa a disponibilidade de recursos adicionais e necess\u00e1rios para o financiamento dos projetos que est\u00e3o sendo realizados pela Prefeitura de Fortaleza. O contrato foi assinado durante a solenidade de inaugura\u00e7\u00e3o da Sala das Cidades e Estados da Caixa Econ\u00f4mica, na superintend\u00eancia do banco, localizada na ag\u00eancia Aldeota.<\/p>\n\n\n\n<p>&#8220;Hoje, somos o primeiro PIB da regi\u00e3o, a cidade que mais abre postos de trabalho, que tem o menor percentual de desemprego e a que mais capacita. Esse recurso do Finisa 2, em especial, de R$ 250 milh\u00f5es, n\u00f3s vamos usar para construir novos postos de sa\u00fade, para reformar a UTI do IJF 1, al\u00e9m de outras obras importantes para dinamizar a economia de Fortaleza&#8221;, afirmou o prefeito Jos\u00e9 Sarto.<\/p>\n\n\n\n<figure class=\"wp-block-image size-large\"><img loading=\"lazy\" decoding=\"async\" width=\"1024\" height=\"602\" src=\"https:\/\/blogdorogeriogomes.com.br\/wp-content\/uploads\/2023\/06\/27-06-2023-Caixa-DSC05358-1-1024x602.jpeg\" alt=\"\" class=\"wp-image-29678\" srcset=\"https:\/\/blogdorogeriogomes.com.br\/noticias\/wp-content\/uploads\/2023\/06\/27-06-2023-Caixa-DSC05358-1-1024x602.jpeg 1024w, https:\/\/blogdorogeriogomes.com.br\/noticias\/wp-content\/uploads\/2023\/06\/27-06-2023-Caixa-DSC05358-1-300x176.jpeg 300w, https:\/\/blogdorogeriogomes.com.br\/noticias\/wp-content\/uploads\/2023\/06\/27-06-2023-Caixa-DSC05358-1-768x451.jpeg 768w, https:\/\/blogdorogeriogomes.com.br\/noticias\/wp-content\/uploads\/2023\/06\/27-06-2023-Caixa-DSC05358-1-800x470.jpeg 800w, https:\/\/blogdorogeriogomes.com.br\/noticias\/wp-content\/uploads\/2023\/06\/27-06-2023-Caixa-DSC05358-1.jpeg 1280w\" sizes=\"auto, (max-width: 1024px) 100vw, 1024px\" \/><\/figure>\n","protected":false},"excerpt":{"rendered":"<p>O prefeito de Fortaleza, Jos\u00e9 Sarto, assinou, na tarde desta ter\u00e7a-feira, dia 27 de junho, contrato de opera\u00e7\u00e3o de cr\u00e9dito junto \u00e0 Caixa Econ\u00f4mica Federal (CEF) no valor de R$ 250 milh\u00f5es, dentro do programa Financiamento \u00e0 Infraestrutura e ao Saneamento (Finisa 2). A contrata\u00e7\u00e3o incrementa a disponibilidade de recursos adicionais e necess\u00e1rios para o financiamento dos projetos que est\u00e3o sendo realizados pela Prefeitura de Fortaleza. O contrato foi assinado durante a solenidade de inaugura\u00e7\u00e3o da Sala das Cidades&hellip;<\/p>\n","protected":false},"author":1,"featured_media":29678,"comment_status":"open","ping_status":"open","sticky":false,"template":"","format":"standard","meta":{"footnotes":""},"categories":[1],"tags":[],"class_list":["post-29677","post","type-post","status-publish","format-standard","has-post-thumbnail","hentry","category-noticias"],"_links":{"self":[{"href":"https:\/\/blogdorogeriogomes.com.br\/noticias\/wp-json\/wp\/v2\/posts\/29677","targetHints":{"allow":["GET"]}}],"collection":[{"href":"https:\/\/blogdorogeriogomes.com.br\/noticias\/wp-json\/wp\/v2\/posts"}],"about":[{"href":"https:\/\/blogdorogeriogomes.com.br\/noticias\/wp-json\/wp\/v2\/types\/post"}],"author":[{"embeddable":true,"href":"https:\/\/blogdorogeriogomes.com.br\/noticias\/wp-json\/wp\/v2\/users\/1"}],"replies":[{"embeddable":true,"href":"https:\/\/blogdorogeriogomes.com.br\/noticias\/wp-json\/wp\/v2\/comments?post=29677"}],"version-history":[{"count":1,"href":"https:\/\/blogdorogeriogomes.com.br\/noticias\/wp-json\/wp\/v2\/posts\/29677\/revisions"}],"predecessor-version":[{"id":29679,"href":"https:\/\/blogdorogeriogomes.com.br\/noticias\/wp-json\/wp\/v2\/posts\/29677\/revisions\/29679"}],"wp:featuredmedia":[{"embeddable":true,"href":"https:\/\/blogdorogeriogomes.com.br\/noticias\/wp-json\/wp\/v2\/media\/29678"}],"wp:attachment":[{"href":"https:\/\/blogdorogeriogomes.com.br\/noticias\/wp-json\/wp\/v2\/media?parent=29677"}],"wp:term":[{"taxonomy":"category","embeddable":true,"href":"https:\/\/blogdorogeriogomes.com.br\/noticias\/wp-json\/wp\/v2\/categories?post=29677"},{"taxonomy":"post_tag","embeddable":true,"href":"https:\/\/blogdorogeriogomes.com.br\/noticias\/wp-json\/wp\/v2\/tags?post=29677"}],"curies":[{"name":"wp","href":"https:\/\/api.w.org\/{rel}","templated":true}]}}