{"id":29683,"date":"2023-06-28T09:25:27","date_gmt":"2023-06-28T09:25:27","guid":{"rendered":"https:\/\/blogdorogeriogomes.com.br\/?p=29683"},"modified":"2023-06-29T11:16:41","modified_gmt":"2023-06-29T11:16:41","slug":"relator-vota-pela-inelegibilidade-de-jair-bolsonaro-por-oito-anos","status":"publish","type":"post","link":"https:\/\/blogdorogeriogomes.com.br\/noticias\/2023\/06\/relator-vota-pela-inelegibilidade-de-jair-bolsonaro-por-oito-anos\/","title":{"rendered":"Relator vota pela inelegibilidade de Jair Bolsonaro por oito anos"},"content":{"rendered":"\n<p>O julgamento de Bolsonaro no TSE come\u00e7ou ruim para o ex-presidente. O ministro relator, Benedito Gon\u00e7alves, apresentou voto para tornar Bolsonaro ineleg\u00edvel por oito anos no Tribunal Superior Eleitoral (TSE). Gon\u00e7alves votou para absolver o candidato a vice-presidente na chapa, general Braga Netto.<\/p>\n\n\n\n<p>O julgamento ser\u00e1 retomado nesta quinta-feira, dia 29 de junho, com o voto do ministro Raul Ara\u00fajo. Os advogados de Bolsonaro ainda torcem por um pedido de vista para protelar a decis\u00e3o da inelegibilidade por pelo menos mais tr\u00eas meses.<\/p>\n\n\n\n<p>Segundo o relator, ficou configurado abuso de poder pol\u00edtico no uso do cargo e houve desvio de finalidade no uso do &#8220;poder simb\u00f3lico do presidente e da posi\u00e7\u00e3o do chefe de Estado&#8221; para &#8220;degradar o ambiente eleitoral&#8221;.<\/p>\n\n\n\n<p>A Corte eleitoral julga se Jair Bolsonaro cometeu abuso em reuni\u00e3o com embaixadores, enquanto era presidente e atacou o sistema eleitoral. Outras 15 a\u00e7\u00f5es de investiga\u00e7\u00e3o podem levar \u00e0 inelegibilidade do ex-presidente.<\/p>\n\n\n\n<figure class=\"wp-block-image size-full\"><img loading=\"lazy\" decoding=\"async\" width=\"739\" height=\"415\" src=\"https:\/\/blogdorogeriogomes.com.br\/wp-content\/uploads\/2023\/06\/images-43.jpeg\" alt=\"\" class=\"wp-image-29684\" srcset=\"https:\/\/blogdorogeriogomes.com.br\/noticias\/wp-content\/uploads\/2023\/06\/images-43.jpeg 739w, https:\/\/blogdorogeriogomes.com.br\/noticias\/wp-content\/uploads\/2023\/06\/images-43-300x168.jpeg 300w\" sizes=\"auto, (max-width: 739px) 100vw, 739px\" \/><\/figure>\n","protected":false},"excerpt":{"rendered":"<p>O julgamento de Bolsonaro no TSE come\u00e7ou ruim para o ex-presidente. O ministro relator, Benedito Gon\u00e7alves, apresentou voto para tornar Bolsonaro ineleg\u00edvel por oito anos no Tribunal Superior Eleitoral (TSE). Gon\u00e7alves votou para absolver o candidato a vice-presidente na chapa, general Braga Netto. O julgamento ser\u00e1 retomado nesta quinta-feira, dia 29 de junho, com o voto do ministro Raul Ara\u00fajo. Os advogados de Bolsonaro ainda torcem por um pedido de vista para protelar a decis\u00e3o da inelegibilidade por pelo&hellip;<\/p>\n","protected":false},"author":1,"featured_media":29684,"comment_status":"open","ping_status":"open","sticky":false,"template":"","format":"standard","meta":{"footnotes":""},"categories":[1],"tags":[],"class_list":["post-29683","post","type-post","status-publish","format-standard","has-post-thumbnail","hentry","category-noticias"],"_links":{"self":[{"href":"https:\/\/blogdorogeriogomes.com.br\/noticias\/wp-json\/wp\/v2\/posts\/29683","targetHints":{"allow":["GET"]}}],"collection":[{"href":"https:\/\/blogdorogeriogomes.com.br\/noticias\/wp-json\/wp\/v2\/posts"}],"about":[{"href":"https:\/\/blogdorogeriogomes.com.br\/noticias\/wp-json\/wp\/v2\/types\/post"}],"author":[{"embeddable":true,"href":"https:\/\/blogdorogeriogomes.com.br\/noticias\/wp-json\/wp\/v2\/users\/1"}],"replies":[{"embeddable":true,"href":"https:\/\/blogdorogeriogomes.com.br\/noticias\/wp-json\/wp\/v2\/comments?post=29683"}],"version-history":[{"count":1,"href":"https:\/\/blogdorogeriogomes.com.br\/noticias\/wp-json\/wp\/v2\/posts\/29683\/revisions"}],"predecessor-version":[{"id":29685,"href":"https:\/\/blogdorogeriogomes.com.br\/noticias\/wp-json\/wp\/v2\/posts\/29683\/revisions\/29685"}],"wp:featuredmedia":[{"embeddable":true,"href":"https:\/\/blogdorogeriogomes.com.br\/noticias\/wp-json\/wp\/v2\/media\/29684"}],"wp:attachment":[{"href":"https:\/\/blogdorogeriogomes.com.br\/noticias\/wp-json\/wp\/v2\/media?parent=29683"}],"wp:term":[{"taxonomy":"category","embeddable":true,"href":"https:\/\/blogdorogeriogomes.com.br\/noticias\/wp-json\/wp\/v2\/categories?post=29683"},{"taxonomy":"post_tag","embeddable":true,"href":"https:\/\/blogdorogeriogomes.com.br\/noticias\/wp-json\/wp\/v2\/tags?post=29683"}],"curies":[{"name":"wp","href":"https:\/\/api.w.org\/{rel}","templated":true}]}}