{"id":29686,"date":"2023-06-28T21:16:22","date_gmt":"2023-06-28T21:16:22","guid":{"rendered":"https:\/\/blogdorogeriogomes.com.br\/?p=29686"},"modified":"2023-06-29T11:16:27","modified_gmt":"2023-06-29T11:16:27","slug":"novos-servidores-da-saude-tomam-posse-nesta-quinta-feira-no-centro-de-eventos-do-ceara","status":"publish","type":"post","link":"https:\/\/blogdorogeriogomes.com.br\/noticias\/2023\/06\/novos-servidores-da-saude-tomam-posse-nesta-quinta-feira-no-centro-de-eventos-do-ceara\/","title":{"rendered":"Novos servidores da sa\u00fade tomam posse nesta quinta-feira\u00a0no Centro de Eventos do Cear\u00e1"},"content":{"rendered":"\n<p>A posse dos 405 profissionais que atenderam \u00e0 convoca\u00e7\u00e3o para fazer parte do quadro de servidores da Secretaria da Sa\u00fade do Cear\u00e1 (Sesa) acontece nesta quinta-feira, dia 29 de junho, \u00e0s 18 horas, no Centro de Eventos do Cear\u00e1 (CEC). O governador Elmano de Freitas e a secret\u00e1ria da Sa\u00fade do Cear\u00e1, T\u00e2nia Mara Coelho, participam da solenidade, ao lado de outras autoridades.<\/p>\n\n\n\n<p>Esse grupo de concursados \u00e9 o primeiro convocado ap\u00f3s a san\u00e7\u00e3o da lei de incorpora\u00e7\u00e3o dos aprovados da Funsa\u00fade aos quadros dos equipamentos da Sesa. Em maio, foram convocados 600 profissionais.&nbsp;Ainda este ano, mais 1.400 profissionais ser\u00e3o chamados. Os demais tomar\u00e3o posse ano a ano at\u00e9 2026, conforme planejamento detalhado na lei estadual 18.338\/2023. Dessa forma, o Governo do Cear\u00e1 garante a convoca\u00e7\u00e3o dos 6 mil aprovados no certame, realizado em 2021 e homologado em 2022.<\/p>\n\n\n\n<figure class=\"wp-block-image size-large\"><img loading=\"lazy\" decoding=\"async\" width=\"1024\" height=\"683\" src=\"https:\/\/blogdorogeriogomes.com.br\/wp-content\/uploads\/2023\/06\/200417_LEONARDODAVINCI_TF_48-1200x800-1-1024x683.jpg\" alt=\"\" class=\"wp-image-29687\" srcset=\"https:\/\/blogdorogeriogomes.com.br\/noticias\/wp-content\/uploads\/2023\/06\/200417_LEONARDODAVINCI_TF_48-1200x800-1-1024x683.jpg 1024w, https:\/\/blogdorogeriogomes.com.br\/noticias\/wp-content\/uploads\/2023\/06\/200417_LEONARDODAVINCI_TF_48-1200x800-1-300x200.jpg 300w, https:\/\/blogdorogeriogomes.com.br\/noticias\/wp-content\/uploads\/2023\/06\/200417_LEONARDODAVINCI_TF_48-1200x800-1-768x512.jpg 768w, https:\/\/blogdorogeriogomes.com.br\/noticias\/wp-content\/uploads\/2023\/06\/200417_LEONARDODAVINCI_TF_48-1200x800-1-800x533.jpg 800w, https:\/\/blogdorogeriogomes.com.br\/noticias\/wp-content\/uploads\/2023\/06\/200417_LEONARDODAVINCI_TF_48-1200x800-1.jpg 1200w\" sizes=\"auto, (max-width: 1024px) 100vw, 1024px\" \/><\/figure>\n","protected":false},"excerpt":{"rendered":"<p>A posse dos 405 profissionais que atenderam \u00e0 convoca\u00e7\u00e3o para fazer parte do quadro de servidores da Secretaria da Sa\u00fade do Cear\u00e1 (Sesa) acontece nesta quinta-feira, dia 29 de junho, \u00e0s 18 horas, no Centro de Eventos do Cear\u00e1 (CEC). O governador Elmano de Freitas e a secret\u00e1ria da Sa\u00fade do Cear\u00e1, T\u00e2nia Mara Coelho, participam da solenidade, ao lado de outras autoridades. Esse grupo de concursados \u00e9 o primeiro convocado ap\u00f3s a san\u00e7\u00e3o da lei de incorpora\u00e7\u00e3o dos&hellip;<\/p>\n","protected":false},"author":1,"featured_media":29687,"comment_status":"open","ping_status":"open","sticky":false,"template":"","format":"standard","meta":{"footnotes":""},"categories":[1],"tags":[],"class_list":["post-29686","post","type-post","status-publish","format-standard","has-post-thumbnail","hentry","category-noticias"],"_links":{"self":[{"href":"https:\/\/blogdorogeriogomes.com.br\/noticias\/wp-json\/wp\/v2\/posts\/29686","targetHints":{"allow":["GET"]}}],"collection":[{"href":"https:\/\/blogdorogeriogomes.com.br\/noticias\/wp-json\/wp\/v2\/posts"}],"about":[{"href":"https:\/\/blogdorogeriogomes.com.br\/noticias\/wp-json\/wp\/v2\/types\/post"}],"author":[{"embeddable":true,"href":"https:\/\/blogdorogeriogomes.com.br\/noticias\/wp-json\/wp\/v2\/users\/1"}],"replies":[{"embeddable":true,"href":"https:\/\/blogdorogeriogomes.com.br\/noticias\/wp-json\/wp\/v2\/comments?post=29686"}],"version-history":[{"count":1,"href":"https:\/\/blogdorogeriogomes.com.br\/noticias\/wp-json\/wp\/v2\/posts\/29686\/revisions"}],"predecessor-version":[{"id":29688,"href":"https:\/\/blogdorogeriogomes.com.br\/noticias\/wp-json\/wp\/v2\/posts\/29686\/revisions\/29688"}],"wp:featuredmedia":[{"embeddable":true,"href":"https:\/\/blogdorogeriogomes.com.br\/noticias\/wp-json\/wp\/v2\/media\/29687"}],"wp:attachment":[{"href":"https:\/\/blogdorogeriogomes.com.br\/noticias\/wp-json\/wp\/v2\/media?parent=29686"}],"wp:term":[{"taxonomy":"category","embeddable":true,"href":"https:\/\/blogdorogeriogomes.com.br\/noticias\/wp-json\/wp\/v2\/categories?post=29686"},{"taxonomy":"post_tag","embeddable":true,"href":"https:\/\/blogdorogeriogomes.com.br\/noticias\/wp-json\/wp\/v2\/tags?post=29686"}],"curies":[{"name":"wp","href":"https:\/\/api.w.org\/{rel}","templated":true}]}}