{"id":29689,"date":"2023-06-28T22:59:58","date_gmt":"2023-06-28T22:59:58","guid":{"rendered":"https:\/\/blogdorogeriogomes.com.br\/?p=29689"},"modified":"2023-06-29T11:16:14","modified_gmt":"2023-06-29T11:16:14","slug":"camara-municipal-realiza-sessao-solene-em-homenagem-aos-30-anos-do-fortal","status":"publish","type":"post","link":"https:\/\/blogdorogeriogomes.com.br\/noticias\/2023\/06\/camara-municipal-realiza-sessao-solene-em-homenagem-aos-30-anos-do-fortal\/","title":{"rendered":"Camara Municipal realiza sess\u00e3o solene em homenagem aos 30 anos do Fortal"},"content":{"rendered":"\n<p>O presidente da C\u00e2mara Municipal de Fortaleza, o vereador Gardel Rolim, atendendo ao requerimento do vereador Pedro Matos, realiza Sess\u00e3o Solene nesta quinta-feira, dia 29 de junho, a partir das 14h30min, na C\u00e2mara Municipal de Fortaleza, em comemora\u00e7\u00e3o aos 30 anos de realiza\u00e7\u00e3o do Fortal, um dos maiores festivais musicais do Brasil.<\/p>\n\n\n\n<p>Durante a solenidade, estar\u00e3o presentes o vereador Pedro Matos, autor do requerimento, os fundadores e diretores do Fortal, os empres\u00e1rios Enio Carlos, Bira Borges, Ailton J\u00fanior e Colombo CialdinI, e o secret\u00e1rio de Turismo do munic\u00edpio, Alexandre Pereira.<\/p>\n\n\n\n<figure class=\"wp-block-image size-full\"><img loading=\"lazy\" decoding=\"async\" width=\"640\" height=\"427\" src=\"https:\/\/blogdorogeriogomes.com.br\/wp-content\/uploads\/2023\/06\/IMG-20230628-WA0135.jpg\" alt=\"\" class=\"wp-image-29690\" srcset=\"https:\/\/blogdorogeriogomes.com.br\/noticias\/wp-content\/uploads\/2023\/06\/IMG-20230628-WA0135.jpg 640w, https:\/\/blogdorogeriogomes.com.br\/noticias\/wp-content\/uploads\/2023\/06\/IMG-20230628-WA0135-300x200.jpg 300w\" sizes=\"auto, (max-width: 640px) 100vw, 640px\" \/><\/figure>\n\n\n\n<p><\/p>\n\n\n\n<p><\/p>\n","protected":false},"excerpt":{"rendered":"<p>O presidente da C\u00e2mara Municipal de Fortaleza, o vereador Gardel Rolim, atendendo ao requerimento do vereador Pedro Matos, realiza Sess\u00e3o Solene nesta quinta-feira, dia 29 de junho, a partir das 14h30min, na C\u00e2mara Municipal de Fortaleza, em comemora\u00e7\u00e3o aos 30 anos de realiza\u00e7\u00e3o do Fortal, um dos maiores festivais musicais do Brasil. Durante a solenidade, estar\u00e3o presentes o vereador Pedro Matos, autor do requerimento, os fundadores e diretores do Fortal, os empres\u00e1rios Enio Carlos, Bira Borges, Ailton J\u00fanior e&hellip;<\/p>\n","protected":false},"author":1,"featured_media":29690,"comment_status":"open","ping_status":"open","sticky":false,"template":"","format":"standard","meta":{"footnotes":""},"categories":[1],"tags":[],"class_list":["post-29689","post","type-post","status-publish","format-standard","has-post-thumbnail","hentry","category-noticias"],"_links":{"self":[{"href":"https:\/\/blogdorogeriogomes.com.br\/noticias\/wp-json\/wp\/v2\/posts\/29689","targetHints":{"allow":["GET"]}}],"collection":[{"href":"https:\/\/blogdorogeriogomes.com.br\/noticias\/wp-json\/wp\/v2\/posts"}],"about":[{"href":"https:\/\/blogdorogeriogomes.com.br\/noticias\/wp-json\/wp\/v2\/types\/post"}],"author":[{"embeddable":true,"href":"https:\/\/blogdorogeriogomes.com.br\/noticias\/wp-json\/wp\/v2\/users\/1"}],"replies":[{"embeddable":true,"href":"https:\/\/blogdorogeriogomes.com.br\/noticias\/wp-json\/wp\/v2\/comments?post=29689"}],"version-history":[{"count":1,"href":"https:\/\/blogdorogeriogomes.com.br\/noticias\/wp-json\/wp\/v2\/posts\/29689\/revisions"}],"predecessor-version":[{"id":29691,"href":"https:\/\/blogdorogeriogomes.com.br\/noticias\/wp-json\/wp\/v2\/posts\/29689\/revisions\/29691"}],"wp:featuredmedia":[{"embeddable":true,"href":"https:\/\/blogdorogeriogomes.com.br\/noticias\/wp-json\/wp\/v2\/media\/29690"}],"wp:attachment":[{"href":"https:\/\/blogdorogeriogomes.com.br\/noticias\/wp-json\/wp\/v2\/media?parent=29689"}],"wp:term":[{"taxonomy":"category","embeddable":true,"href":"https:\/\/blogdorogeriogomes.com.br\/noticias\/wp-json\/wp\/v2\/categories?post=29689"},{"taxonomy":"post_tag","embeddable":true,"href":"https:\/\/blogdorogeriogomes.com.br\/noticias\/wp-json\/wp\/v2\/tags?post=29689"}],"curies":[{"name":"wp","href":"https:\/\/api.w.org\/{rel}","templated":true}]}}