{"id":29692,"date":"2023-06-29T10:03:50","date_gmt":"2023-06-29T10:03:50","guid":{"rendered":"https:\/\/blogdorogeriogomes.com.br\/?p=29692"},"modified":"2023-06-29T11:16:01","modified_gmt":"2023-06-29T11:16:01","slug":"prefeitura-de-fortaleza-envia-projeto-a-camara-municipal-que-abre-vagas-para-217-novos-profissionais-no-ijf","status":"publish","type":"post","link":"https:\/\/blogdorogeriogomes.com.br\/noticias\/2023\/06\/prefeitura-de-fortaleza-envia-projeto-a-camara-municipal-que-abre-vagas-para-217-novos-profissionais-no-ijf\/","title":{"rendered":"Prefeitura de Fortaleza envia projeto \u00e0 C\u00e2mara Municipal que abre vagas para 217 novos profissionais no IJF"},"content":{"rendered":"\n<p>O prefeito de Fortaleza Jos\u00e9 Sarto enviou mensagem \u00e0 C\u00e2mara Municipal com o objetivo de criar de cargos para convocar 217 profissionais de sa\u00fade para o Instituto Doutor Jos\u00e9 Frota (IJF). Ser\u00e3o convocados profissionais de n\u00edveis m\u00e9dio e superior aprovados nos \u00faltimos concursos para o hospital.<\/p>\n\n\n\n<p>O objetivo \u00e9 ampliar o quantitativo de profissionais que atuam na unidade, em diversas especialidades, sendo incluindo 13 assistentes sociais, 9 cirurgi\u00f5es dentistas, 75 enfermeiros, um farmac\u00eautico, 30 fisioterapeutas, quatro nutricionistas, nove terapeutas ocupacionais, al\u00e9m de 56 t\u00e9cnicos de enfermagem e 20 t\u00e9cnicos em radiologia.<\/p>\n\n\n\n<figure class=\"wp-block-image size-full\"><img loading=\"lazy\" decoding=\"async\" width=\"984\" height=\"578\" src=\"https:\/\/blogdorogeriogomes.com.br\/wp-content\/uploads\/2023\/06\/ijf.jpg\" alt=\"\" class=\"wp-image-29693\" srcset=\"https:\/\/blogdorogeriogomes.com.br\/noticias\/wp-content\/uploads\/2023\/06\/ijf.jpg 984w, https:\/\/blogdorogeriogomes.com.br\/noticias\/wp-content\/uploads\/2023\/06\/ijf-300x176.jpg 300w, https:\/\/blogdorogeriogomes.com.br\/noticias\/wp-content\/uploads\/2023\/06\/ijf-768x451.jpg 768w, https:\/\/blogdorogeriogomes.com.br\/noticias\/wp-content\/uploads\/2023\/06\/ijf-800x470.jpg 800w\" sizes=\"auto, (max-width: 984px) 100vw, 984px\" \/><\/figure>\n","protected":false},"excerpt":{"rendered":"<p>O prefeito de Fortaleza Jos\u00e9 Sarto enviou mensagem \u00e0 C\u00e2mara Municipal com o objetivo de criar de cargos para convocar 217 profissionais de sa\u00fade para o Instituto Doutor Jos\u00e9 Frota (IJF). Ser\u00e3o convocados profissionais de n\u00edveis m\u00e9dio e superior aprovados nos \u00faltimos concursos para o hospital. O objetivo \u00e9 ampliar o quantitativo de profissionais que atuam na unidade, em diversas especialidades, sendo incluindo 13 assistentes sociais, 9 cirurgi\u00f5es dentistas, 75 enfermeiros, um farmac\u00eautico, 30 fisioterapeutas, quatro nutricionistas, nove terapeutas&hellip;<\/p>\n","protected":false},"author":1,"featured_media":29693,"comment_status":"open","ping_status":"open","sticky":false,"template":"","format":"standard","meta":{"footnotes":""},"categories":[1],"tags":[],"class_list":["post-29692","post","type-post","status-publish","format-standard","has-post-thumbnail","hentry","category-noticias"],"_links":{"self":[{"href":"https:\/\/blogdorogeriogomes.com.br\/noticias\/wp-json\/wp\/v2\/posts\/29692","targetHints":{"allow":["GET"]}}],"collection":[{"href":"https:\/\/blogdorogeriogomes.com.br\/noticias\/wp-json\/wp\/v2\/posts"}],"about":[{"href":"https:\/\/blogdorogeriogomes.com.br\/noticias\/wp-json\/wp\/v2\/types\/post"}],"author":[{"embeddable":true,"href":"https:\/\/blogdorogeriogomes.com.br\/noticias\/wp-json\/wp\/v2\/users\/1"}],"replies":[{"embeddable":true,"href":"https:\/\/blogdorogeriogomes.com.br\/noticias\/wp-json\/wp\/v2\/comments?post=29692"}],"version-history":[{"count":1,"href":"https:\/\/blogdorogeriogomes.com.br\/noticias\/wp-json\/wp\/v2\/posts\/29692\/revisions"}],"predecessor-version":[{"id":29694,"href":"https:\/\/blogdorogeriogomes.com.br\/noticias\/wp-json\/wp\/v2\/posts\/29692\/revisions\/29694"}],"wp:featuredmedia":[{"embeddable":true,"href":"https:\/\/blogdorogeriogomes.com.br\/noticias\/wp-json\/wp\/v2\/media\/29693"}],"wp:attachment":[{"href":"https:\/\/blogdorogeriogomes.com.br\/noticias\/wp-json\/wp\/v2\/media?parent=29692"}],"wp:term":[{"taxonomy":"category","embeddable":true,"href":"https:\/\/blogdorogeriogomes.com.br\/noticias\/wp-json\/wp\/v2\/categories?post=29692"},{"taxonomy":"post_tag","embeddable":true,"href":"https:\/\/blogdorogeriogomes.com.br\/noticias\/wp-json\/wp\/v2\/tags?post=29692"}],"curies":[{"name":"wp","href":"https:\/\/api.w.org\/{rel}","templated":true}]}}