{"id":29699,"date":"2023-06-29T15:53:25","date_gmt":"2023-06-29T15:53:25","guid":{"rendered":"https:\/\/blogdorogeriogomes.com.br\/?p=29699"},"modified":"2023-07-03T12:15:10","modified_gmt":"2023-07-03T12:15:10","slug":"gardel-rolim-faz-balanco-dos-seis-primeiros-meses-de-gestao-a-frente-da-camara-municipal-de-fortaleza","status":"publish","type":"post","link":"https:\/\/blogdorogeriogomes.com.br\/noticias\/2023\/06\/gardel-rolim-faz-balanco-dos-seis-primeiros-meses-de-gestao-a-frente-da-camara-municipal-de-fortaleza\/","title":{"rendered":"Gardel Rolim faz balan\u00e7o dos seis primeiros meses de gest\u00e3o \u00e0 frente da C\u00e2mara Municipal de Fortaleza"},"content":{"rendered":"\n<p>O presidente da C\u00e2mara Municipal de Fortaleza, Gardel Rolim (PDT), fez um balan\u00e7o dos seis primeiros meses da sua gest\u00e3o. De janeiro a junho deste ano, pelo menos cinco mil proposi\u00e7\u00f5es foram apresentadas e tramitam na C\u00e2mara Municipal de Fortaleza. S\u00e3o projetos, requerimentos e indica\u00e7\u00f5es apresentados pelos vereadores, como tamb\u00e9m pelo Poder Executivo. <\/p>\n\n\n\n<p>Segundo o presidente Gardel Rolim, cerca de R$ 2 bilh\u00f5es e 200 milh\u00f5es de reais em recursos para a Capital foram aprovados pela C\u00e2mara para execu\u00e7\u00e3o de projetos em Fortaleza. Uma das metas ao longo de 2023 \u00e9 digitalizar todos os processos legislativos.<\/p>\n\n\n\n<p>Gardel Rolim tamb\u00e9m destaca a\u00e7\u00f5es de cidadania e de assist\u00eancia social desenvolvidas pela C\u00e2mara Municipal no primeiro semestre desse ano.<\/p>\n\n\n\n<p>Na v\u00e9spera do recesso parlamentar, o prefeito Jos\u00e9 Sarto enviou uma mensagem aqui para a C\u00e2mara Municipal de Fortaleza. Trata da cria\u00e7\u00e3o de 217 novos cargos para profissionais de sa\u00fade no Instituto Jos\u00e9 Frota, que \u00e9 maior emerg\u00eancia do Estado.<\/p>\n\n\n\n<figure class=\"wp-block-image size-full\"><img loading=\"lazy\" decoding=\"async\" width=\"800\" height=\"533\" src=\"https:\/\/blogdorogeriogomes.com.br\/wp-content\/uploads\/2023\/06\/Sessao-plenaria-12.jpg\" alt=\"\" class=\"wp-image-29700\" srcset=\"https:\/\/blogdorogeriogomes.com.br\/noticias\/wp-content\/uploads\/2023\/06\/Sessao-plenaria-12.jpg 800w, https:\/\/blogdorogeriogomes.com.br\/noticias\/wp-content\/uploads\/2023\/06\/Sessao-plenaria-12-300x200.jpg 300w, https:\/\/blogdorogeriogomes.com.br\/noticias\/wp-content\/uploads\/2023\/06\/Sessao-plenaria-12-768x512.jpg 768w\" sizes=\"auto, (max-width: 800px) 100vw, 800px\" \/><figcaption class=\"wp-element-caption\">Sess\u00e3o plen\u00e1ria<\/figcaption><\/figure>\n","protected":false},"excerpt":{"rendered":"<p>O presidente da C\u00e2mara Municipal de Fortaleza, Gardel Rolim (PDT), fez um balan\u00e7o dos seis primeiros meses da sua gest\u00e3o. De janeiro a junho deste ano, pelo menos cinco mil proposi\u00e7\u00f5es foram apresentadas e tramitam na C\u00e2mara Municipal de Fortaleza. S\u00e3o projetos, requerimentos e indica\u00e7\u00f5es apresentados pelos vereadores, como tamb\u00e9m pelo Poder Executivo. Segundo o presidente Gardel Rolim, cerca de R$ 2 bilh\u00f5es e 200 milh\u00f5es de reais em recursos para a Capital foram aprovados pela C\u00e2mara para execu\u00e7\u00e3o&hellip;<\/p>\n","protected":false},"author":1,"featured_media":29700,"comment_status":"open","ping_status":"open","sticky":false,"template":"","format":"standard","meta":{"footnotes":""},"categories":[1],"tags":[],"class_list":["post-29699","post","type-post","status-publish","format-standard","has-post-thumbnail","hentry","category-noticias"],"_links":{"self":[{"href":"https:\/\/blogdorogeriogomes.com.br\/noticias\/wp-json\/wp\/v2\/posts\/29699","targetHints":{"allow":["GET"]}}],"collection":[{"href":"https:\/\/blogdorogeriogomes.com.br\/noticias\/wp-json\/wp\/v2\/posts"}],"about":[{"href":"https:\/\/blogdorogeriogomes.com.br\/noticias\/wp-json\/wp\/v2\/types\/post"}],"author":[{"embeddable":true,"href":"https:\/\/blogdorogeriogomes.com.br\/noticias\/wp-json\/wp\/v2\/users\/1"}],"replies":[{"embeddable":true,"href":"https:\/\/blogdorogeriogomes.com.br\/noticias\/wp-json\/wp\/v2\/comments?post=29699"}],"version-history":[{"count":1,"href":"https:\/\/blogdorogeriogomes.com.br\/noticias\/wp-json\/wp\/v2\/posts\/29699\/revisions"}],"predecessor-version":[{"id":29701,"href":"https:\/\/blogdorogeriogomes.com.br\/noticias\/wp-json\/wp\/v2\/posts\/29699\/revisions\/29701"}],"wp:featuredmedia":[{"embeddable":true,"href":"https:\/\/blogdorogeriogomes.com.br\/noticias\/wp-json\/wp\/v2\/media\/29700"}],"wp:attachment":[{"href":"https:\/\/blogdorogeriogomes.com.br\/noticias\/wp-json\/wp\/v2\/media?parent=29699"}],"wp:term":[{"taxonomy":"category","embeddable":true,"href":"https:\/\/blogdorogeriogomes.com.br\/noticias\/wp-json\/wp\/v2\/categories?post=29699"},{"taxonomy":"post_tag","embeddable":true,"href":"https:\/\/blogdorogeriogomes.com.br\/noticias\/wp-json\/wp\/v2\/tags?post=29699"}],"curies":[{"name":"wp","href":"https:\/\/api.w.org\/{rel}","templated":true}]}}