{"id":29702,"date":"2023-06-29T19:48:24","date_gmt":"2023-06-29T19:48:24","guid":{"rendered":"https:\/\/blogdorogeriogomes.com.br\/?p=29702"},"modified":"2023-07-03T12:15:18","modified_gmt":"2023-07-03T12:15:18","slug":"profissionais-de-enfermagem-paralisam-atividades-pelo-cumprimento-do-piso-nacional","status":"publish","type":"post","link":"https:\/\/blogdorogeriogomes.com.br\/noticias\/2023\/06\/profissionais-de-enfermagem-paralisam-atividades-pelo-cumprimento-do-piso-nacional\/","title":{"rendered":"Profissionais de enfermagem paralisam atividades pelo cumprimento do piso nacional"},"content":{"rendered":"\n<p>Profissionais de enfermagem em Fortaleza paralisaram as atividades nesta quinta-feira, dia 29 de junho. Eles entraram em greve em busca do cumprimento do piso salarial da categoria, que foi sancionado em abril deste ano, pelo presidente Lula.<br>O piso nacional aprovado pelo Congresso Nacional \u00e9  de R$ 4.750 para enfermeiros dos setores p\u00fablico e privado, valor que serve de refer\u00eancia para o c\u00e1lculo do m\u00ednimo salarial de t\u00e9cnicos de enfermagem, auxiliares de enfermagem e parteiras.<\/p>\n\n\n\n<p>A paralisa\u00e7\u00e3o da enfermagem tem \u00e0 frente o Sindicato dos Empregados em Estabelecimentos de Servi\u00e7os de Sa\u00fade no Estado do Cear\u00e1 (Sindsa\u00fade). A promessa \u00e9 de uma greve por tempo indeterminado com a manuten\u00e7\u00e3o de apenas 30% da categoria trabalhando nas unidades de sa\u00fade.<\/p>\n\n\n\n<figure class=\"wp-block-image size-large\"><img loading=\"lazy\" decoding=\"async\" width=\"576\" height=\"1024\" src=\"https:\/\/blogdorogeriogomes.com.br\/wp-content\/uploads\/2023\/06\/IMG-20230629-WA0031-576x1024.jpg\" alt=\"\" class=\"wp-image-29703\" srcset=\"https:\/\/blogdorogeriogomes.com.br\/noticias\/wp-content\/uploads\/2023\/06\/IMG-20230629-WA0031-576x1024.jpg 576w, https:\/\/blogdorogeriogomes.com.br\/noticias\/wp-content\/uploads\/2023\/06\/IMG-20230629-WA0031-169x300.jpg 169w, https:\/\/blogdorogeriogomes.com.br\/noticias\/wp-content\/uploads\/2023\/06\/IMG-20230629-WA0031.jpg 720w\" sizes=\"auto, (max-width: 576px) 100vw, 576px\" \/><\/figure>\n","protected":false},"excerpt":{"rendered":"<p>Profissionais de enfermagem em Fortaleza paralisaram as atividades nesta quinta-feira, dia 29 de junho. Eles entraram em greve em busca do cumprimento do piso salarial da categoria, que foi sancionado em abril deste ano, pelo presidente Lula.O piso nacional aprovado pelo Congresso Nacional \u00e9 de R$ 4.750 para enfermeiros dos setores p\u00fablico e privado, valor que serve de refer\u00eancia para o c\u00e1lculo do m\u00ednimo salarial de t\u00e9cnicos de enfermagem, auxiliares de enfermagem e parteiras. A paralisa\u00e7\u00e3o da enfermagem tem&hellip;<\/p>\n","protected":false},"author":1,"featured_media":29703,"comment_status":"open","ping_status":"open","sticky":false,"template":"","format":"standard","meta":{"footnotes":""},"categories":[1],"tags":[],"class_list":["post-29702","post","type-post","status-publish","format-standard","has-post-thumbnail","hentry","category-noticias"],"_links":{"self":[{"href":"https:\/\/blogdorogeriogomes.com.br\/noticias\/wp-json\/wp\/v2\/posts\/29702","targetHints":{"allow":["GET"]}}],"collection":[{"href":"https:\/\/blogdorogeriogomes.com.br\/noticias\/wp-json\/wp\/v2\/posts"}],"about":[{"href":"https:\/\/blogdorogeriogomes.com.br\/noticias\/wp-json\/wp\/v2\/types\/post"}],"author":[{"embeddable":true,"href":"https:\/\/blogdorogeriogomes.com.br\/noticias\/wp-json\/wp\/v2\/users\/1"}],"replies":[{"embeddable":true,"href":"https:\/\/blogdorogeriogomes.com.br\/noticias\/wp-json\/wp\/v2\/comments?post=29702"}],"version-history":[{"count":1,"href":"https:\/\/blogdorogeriogomes.com.br\/noticias\/wp-json\/wp\/v2\/posts\/29702\/revisions"}],"predecessor-version":[{"id":29704,"href":"https:\/\/blogdorogeriogomes.com.br\/noticias\/wp-json\/wp\/v2\/posts\/29702\/revisions\/29704"}],"wp:featuredmedia":[{"embeddable":true,"href":"https:\/\/blogdorogeriogomes.com.br\/noticias\/wp-json\/wp\/v2\/media\/29703"}],"wp:attachment":[{"href":"https:\/\/blogdorogeriogomes.com.br\/noticias\/wp-json\/wp\/v2\/media?parent=29702"}],"wp:term":[{"taxonomy":"category","embeddable":true,"href":"https:\/\/blogdorogeriogomes.com.br\/noticias\/wp-json\/wp\/v2\/categories?post=29702"},{"taxonomy":"post_tag","embeddable":true,"href":"https:\/\/blogdorogeriogomes.com.br\/noticias\/wp-json\/wp\/v2\/tags?post=29702"}],"curies":[{"name":"wp","href":"https:\/\/api.w.org\/{rel}","templated":true}]}}