{"id":29705,"date":"2023-06-30T00:02:23","date_gmt":"2023-06-30T00:02:23","guid":{"rendered":"https:\/\/blogdorogeriogomes.com.br\/?p=29705"},"modified":"2023-07-03T12:15:32","modified_gmt":"2023-07-03T12:15:32","slug":"justica-determina-e-taxa-de-lixo-voltara-a-ser-cobrada-sarto-diz-que-nao-havera-cobranca-de-juros","status":"publish","type":"post","link":"https:\/\/blogdorogeriogomes.com.br\/noticias\/2023\/06\/justica-determina-e-taxa-de-lixo-voltara-a-ser-cobrada-sarto-diz-que-nao-havera-cobranca-de-juros\/","title":{"rendered":"Justi\u00e7a determina e taxa de lixo voltar\u00e1 a ser cobrada. Sarto diz que n\u00e3o haver\u00e1 cobran\u00e7a de juros"},"content":{"rendered":"\n<p>O Tribunal de Justi\u00e7a do Estado do Cear\u00e1 derrubou nesta quinta-feira, dia 29 de junho, a liminar que suspendia a cobran\u00e7a da taxa de lixo em Fortaleza. Assim, a cobran\u00e7a aos moradores da Capital voltar\u00e1 a ser feita pela Prefeitura. A Secretaria de Finan\u00e7as ainda vai se manifestar sobre um novo cronograma de pagamentos e sobre a situa\u00e7\u00e3o para pagantes e n\u00e3o pagantes.&nbsp;<\/p>\n\n\n\n<p>O prefeito de Fortaleza,&nbsp;Jos\u00e9 Sarto (PDT), afirmou que n\u00e3o ser\u00e1 cobrada multa ou juro das pessoas que n\u00e3o pagaram a taxa de lixo durante a suspens\u00e3o da arrecada\u00e7\u00e3o.&nbsp;<\/p>\n\n\n\n<figure class=\"wp-block-image size-full\"><img loading=\"lazy\" decoding=\"async\" width=\"739\" height=\"415\" src=\"https:\/\/blogdorogeriogomes.com.br\/wp-content\/uploads\/2023\/06\/images-44.jpeg\" alt=\"\" class=\"wp-image-29706\" srcset=\"https:\/\/blogdorogeriogomes.com.br\/noticias\/wp-content\/uploads\/2023\/06\/images-44.jpeg 739w, https:\/\/blogdorogeriogomes.com.br\/noticias\/wp-content\/uploads\/2023\/06\/images-44-300x168.jpeg 300w\" sizes=\"auto, (max-width: 739px) 100vw, 739px\" \/><\/figure>\n\n\n","protected":false},"excerpt":{"rendered":"<p>O Tribunal de Justi\u00e7a do Estado do Cear\u00e1 derrubou nesta quinta-feira, dia 29 de junho, a liminar que suspendia a cobran\u00e7a da taxa de lixo em Fortaleza. Assim, a cobran\u00e7a aos moradores da Capital voltar\u00e1 a ser feita pela Prefeitura. A Secretaria de Finan\u00e7as ainda vai se manifestar sobre um novo cronograma de pagamentos e sobre a situa\u00e7\u00e3o para pagantes e n\u00e3o pagantes.&nbsp; O prefeito de Fortaleza,&nbsp;Jos\u00e9 Sarto (PDT), afirmou que n\u00e3o ser\u00e1 cobrada multa ou juro das pessoas&hellip;<\/p>\n","protected":false},"author":1,"featured_media":29706,"comment_status":"open","ping_status":"open","sticky":false,"template":"","format":"standard","meta":{"footnotes":""},"categories":[1],"tags":[],"class_list":["post-29705","post","type-post","status-publish","format-standard","has-post-thumbnail","hentry","category-noticias"],"_links":{"self":[{"href":"https:\/\/blogdorogeriogomes.com.br\/noticias\/wp-json\/wp\/v2\/posts\/29705","targetHints":{"allow":["GET"]}}],"collection":[{"href":"https:\/\/blogdorogeriogomes.com.br\/noticias\/wp-json\/wp\/v2\/posts"}],"about":[{"href":"https:\/\/blogdorogeriogomes.com.br\/noticias\/wp-json\/wp\/v2\/types\/post"}],"author":[{"embeddable":true,"href":"https:\/\/blogdorogeriogomes.com.br\/noticias\/wp-json\/wp\/v2\/users\/1"}],"replies":[{"embeddable":true,"href":"https:\/\/blogdorogeriogomes.com.br\/noticias\/wp-json\/wp\/v2\/comments?post=29705"}],"version-history":[{"count":2,"href":"https:\/\/blogdorogeriogomes.com.br\/noticias\/wp-json\/wp\/v2\/posts\/29705\/revisions"}],"predecessor-version":[{"id":29708,"href":"https:\/\/blogdorogeriogomes.com.br\/noticias\/wp-json\/wp\/v2\/posts\/29705\/revisions\/29708"}],"wp:featuredmedia":[{"embeddable":true,"href":"https:\/\/blogdorogeriogomes.com.br\/noticias\/wp-json\/wp\/v2\/media\/29706"}],"wp:attachment":[{"href":"https:\/\/blogdorogeriogomes.com.br\/noticias\/wp-json\/wp\/v2\/media?parent=29705"}],"wp:term":[{"taxonomy":"category","embeddable":true,"href":"https:\/\/blogdorogeriogomes.com.br\/noticias\/wp-json\/wp\/v2\/categories?post=29705"},{"taxonomy":"post_tag","embeddable":true,"href":"https:\/\/blogdorogeriogomes.com.br\/noticias\/wp-json\/wp\/v2\/tags?post=29705"}],"curies":[{"name":"wp","href":"https:\/\/api.w.org\/{rel}","templated":true}]}}