{"id":29709,"date":"2023-06-30T00:27:53","date_gmt":"2023-06-30T00:27:53","guid":{"rendered":"https:\/\/blogdorogeriogomes.com.br\/?p=29709"},"modified":"2023-07-03T12:15:38","modified_gmt":"2023-07-03T12:15:38","slug":"com-placar-de-3-a-1-no-tse-bolsonaro-esta-a-apenas-um-voto-para-se-tornar-inelegivel-votacao-deve-ser-finalizada-nesta-sexta-feira","status":"publish","type":"post","link":"https:\/\/blogdorogeriogomes.com.br\/noticias\/2023\/06\/com-placar-de-3-a-1-no-tse-bolsonaro-esta-a-apenas-um-voto-para-se-tornar-inelegivel-votacao-deve-ser-finalizada-nesta-sexta-feira\/","title":{"rendered":"Com placar de 3 a 1 no TSE, Bolsonaro est\u00e1 a apenas um voto para se tornar ineleg\u00edvel. Vota\u00e7\u00e3o deve ser finalizada nesta sexta-feira"},"content":{"rendered":"\n<p>O ex-presidente Jair Bolsonaro deve ser declarado ineleg\u00edvel por oito anos nesta sexta-feira, dia 30 de junho. O placar no julgamento do Tribunal Superior Eleitoral (TSE) est\u00e1 3 a 1 contra o ex-presidente acusado de abuso de poder em 2022 quando reuniu embaixadores estrangeiros em Bras\u00edlia para atacar o sistema eleitoral. Falta apenas um voto para que Bolsonaro fique impedido de se candidatar a qualquer cargo eletivo pela Justi\u00e7a Eleitoral at\u00e9 2030.<\/p>\n\n\n\n<p>Os ministros Floriano Marques e Andr\u00e9 Tavares acompanharam o voto do relator Benedito Gon\u00e7alves, formando o placar de 3 a 1. Raul Ara\u00fajo votou a favor de Jair Bolsonaro.<\/p>\n\n\n\n<p>O julgamento ser\u00e1 retomado nesta sexta-feira, a partir de meio-dia, com os votos dos ministros Carmen Lucia, K\u00e1ssio Nunes Marques e Alexandre de Moraes.&nbsp;Nos bastidores, o placar esperado \u00e9 de 5 a 2, caso Nunes Marques vote com o ex-presidente, ou 6 a 1 se o ministro nomeado por Bolsonaro vote com a tese do relator.<\/p>\n\n\n\n<figure class=\"wp-block-image size-full\"><img loading=\"lazy\" decoding=\"async\" width=\"678\" height=\"452\" src=\"https:\/\/blogdorogeriogomes.com.br\/wp-content\/uploads\/2023\/06\/images-45.jpeg\" alt=\"\" class=\"wp-image-29710\" srcset=\"https:\/\/blogdorogeriogomes.com.br\/noticias\/wp-content\/uploads\/2023\/06\/images-45.jpeg 678w, https:\/\/blogdorogeriogomes.com.br\/noticias\/wp-content\/uploads\/2023\/06\/images-45-300x200.jpeg 300w\" sizes=\"auto, (max-width: 678px) 100vw, 678px\" \/><\/figure>\n","protected":false},"excerpt":{"rendered":"<p>O ex-presidente Jair Bolsonaro deve ser declarado ineleg\u00edvel por oito anos nesta sexta-feira, dia 30 de junho. O placar no julgamento do Tribunal Superior Eleitoral (TSE) est\u00e1 3 a 1 contra o ex-presidente acusado de abuso de poder em 2022 quando reuniu embaixadores estrangeiros em Bras\u00edlia para atacar o sistema eleitoral. Falta apenas um voto para que Bolsonaro fique impedido de se candidatar a qualquer cargo eletivo pela Justi\u00e7a Eleitoral at\u00e9 2030. Os ministros Floriano Marques e Andr\u00e9 Tavares&hellip;<\/p>\n","protected":false},"author":1,"featured_media":29710,"comment_status":"open","ping_status":"open","sticky":false,"template":"","format":"standard","meta":{"footnotes":""},"categories":[1],"tags":[],"class_list":["post-29709","post","type-post","status-publish","format-standard","has-post-thumbnail","hentry","category-noticias"],"_links":{"self":[{"href":"https:\/\/blogdorogeriogomes.com.br\/noticias\/wp-json\/wp\/v2\/posts\/29709","targetHints":{"allow":["GET"]}}],"collection":[{"href":"https:\/\/blogdorogeriogomes.com.br\/noticias\/wp-json\/wp\/v2\/posts"}],"about":[{"href":"https:\/\/blogdorogeriogomes.com.br\/noticias\/wp-json\/wp\/v2\/types\/post"}],"author":[{"embeddable":true,"href":"https:\/\/blogdorogeriogomes.com.br\/noticias\/wp-json\/wp\/v2\/users\/1"}],"replies":[{"embeddable":true,"href":"https:\/\/blogdorogeriogomes.com.br\/noticias\/wp-json\/wp\/v2\/comments?post=29709"}],"version-history":[{"count":2,"href":"https:\/\/blogdorogeriogomes.com.br\/noticias\/wp-json\/wp\/v2\/posts\/29709\/revisions"}],"predecessor-version":[{"id":29719,"href":"https:\/\/blogdorogeriogomes.com.br\/noticias\/wp-json\/wp\/v2\/posts\/29709\/revisions\/29719"}],"wp:featuredmedia":[{"embeddable":true,"href":"https:\/\/blogdorogeriogomes.com.br\/noticias\/wp-json\/wp\/v2\/media\/29710"}],"wp:attachment":[{"href":"https:\/\/blogdorogeriogomes.com.br\/noticias\/wp-json\/wp\/v2\/media?parent=29709"}],"wp:term":[{"taxonomy":"category","embeddable":true,"href":"https:\/\/blogdorogeriogomes.com.br\/noticias\/wp-json\/wp\/v2\/categories?post=29709"},{"taxonomy":"post_tag","embeddable":true,"href":"https:\/\/blogdorogeriogomes.com.br\/noticias\/wp-json\/wp\/v2\/tags?post=29709"}],"curies":[{"name":"wp","href":"https:\/\/api.w.org\/{rel}","templated":true}]}}