{"id":29712,"date":"2023-06-30T09:35:38","date_gmt":"2023-06-30T09:35:38","guid":{"rendered":"https:\/\/blogdorogeriogomes.com.br\/?p=29712"},"modified":"2023-07-03T12:15:45","modified_gmt":"2023-07-03T12:15:45","slug":"jose-sarto-e-tasso-avaliam-parceria-para-disputa-municipal-em-2024","status":"publish","type":"post","link":"https:\/\/blogdorogeriogomes.com.br\/noticias\/2023\/06\/jose-sarto-e-tasso-avaliam-parceria-para-disputa-municipal-em-2024\/","title":{"rendered":"Jos\u00e9 Sarto e Tasso avaliam parceria para disputa municipal em 2024"},"content":{"rendered":"\n<p>O PSDB promoveu, nesta quinta-feira, dia 29 de junho, um evento em comemora\u00e7\u00e3o aos 35 anos do partido que j\u00e1 foi hegem\u00f4nico no Cear\u00e1, na d\u00e9cada de 1990.<\/p>\n\n\n\n<p>No evento, o&nbsp;ex-senador Tasso Jereissati (PSDB) e o prefeito de Fortaleza, Jos\u00e9 Sarto (PDT) trocaram declara\u00e7\u00f5es de apoio \u00e0 eventual parceria eleitoral em 2024, quando Sarto deve disputar a reelei\u00e7\u00e3o. O vice-prefeito da Capital, \u00c9lcio Batista, assumiu neste ano a presid\u00eancia estadual do PSDB no Cear\u00e1, em movimento de renova\u00e7\u00e3o que o partido tenta promover.<\/p>\n\n\n\n<figure class=\"wp-block-image size-large\"><img loading=\"lazy\" decoding=\"async\" width=\"1024\" height=\"577\" src=\"https:\/\/blogdorogeriogomes.com.br\/wp-content\/uploads\/2023\/06\/A-TASSO-SARTO-ELCIO-1024x577.jpg\" alt=\"\" class=\"wp-image-29713\" srcset=\"https:\/\/blogdorogeriogomes.com.br\/noticias\/wp-content\/uploads\/2023\/06\/A-TASSO-SARTO-ELCIO-1024x577.jpg 1024w, https:\/\/blogdorogeriogomes.com.br\/noticias\/wp-content\/uploads\/2023\/06\/A-TASSO-SARTO-ELCIO-300x169.jpg 300w, https:\/\/blogdorogeriogomes.com.br\/noticias\/wp-content\/uploads\/2023\/06\/A-TASSO-SARTO-ELCIO-768x433.jpg 768w, https:\/\/blogdorogeriogomes.com.br\/noticias\/wp-content\/uploads\/2023\/06\/A-TASSO-SARTO-ELCIO-800x451.jpg 800w, https:\/\/blogdorogeriogomes.com.br\/noticias\/wp-content\/uploads\/2023\/06\/A-TASSO-SARTO-ELCIO.jpg 1200w\" sizes=\"auto, (max-width: 1024px) 100vw, 1024px\" \/><\/figure>\n","protected":false},"excerpt":{"rendered":"<p>O PSDB promoveu, nesta quinta-feira, dia 29 de junho, um evento em comemora\u00e7\u00e3o aos 35 anos do partido que j\u00e1 foi hegem\u00f4nico no Cear\u00e1, na d\u00e9cada de 1990. No evento, o&nbsp;ex-senador Tasso Jereissati (PSDB) e o prefeito de Fortaleza, Jos\u00e9 Sarto (PDT) trocaram declara\u00e7\u00f5es de apoio \u00e0 eventual parceria eleitoral em 2024, quando Sarto deve disputar a reelei\u00e7\u00e3o. O vice-prefeito da Capital, \u00c9lcio Batista, assumiu neste ano a presid\u00eancia estadual do PSDB no Cear\u00e1, em movimento de renova\u00e7\u00e3o que&hellip;<\/p>\n","protected":false},"author":1,"featured_media":29713,"comment_status":"open","ping_status":"open","sticky":false,"template":"","format":"standard","meta":{"footnotes":""},"categories":[1],"tags":[],"class_list":["post-29712","post","type-post","status-publish","format-standard","has-post-thumbnail","hentry","category-noticias"],"_links":{"self":[{"href":"https:\/\/blogdorogeriogomes.com.br\/noticias\/wp-json\/wp\/v2\/posts\/29712","targetHints":{"allow":["GET"]}}],"collection":[{"href":"https:\/\/blogdorogeriogomes.com.br\/noticias\/wp-json\/wp\/v2\/posts"}],"about":[{"href":"https:\/\/blogdorogeriogomes.com.br\/noticias\/wp-json\/wp\/v2\/types\/post"}],"author":[{"embeddable":true,"href":"https:\/\/blogdorogeriogomes.com.br\/noticias\/wp-json\/wp\/v2\/users\/1"}],"replies":[{"embeddable":true,"href":"https:\/\/blogdorogeriogomes.com.br\/noticias\/wp-json\/wp\/v2\/comments?post=29712"}],"version-history":[{"count":2,"href":"https:\/\/blogdorogeriogomes.com.br\/noticias\/wp-json\/wp\/v2\/posts\/29712\/revisions"}],"predecessor-version":[{"id":29720,"href":"https:\/\/blogdorogeriogomes.com.br\/noticias\/wp-json\/wp\/v2\/posts\/29712\/revisions\/29720"}],"wp:featuredmedia":[{"embeddable":true,"href":"https:\/\/blogdorogeriogomes.com.br\/noticias\/wp-json\/wp\/v2\/media\/29713"}],"wp:attachment":[{"href":"https:\/\/blogdorogeriogomes.com.br\/noticias\/wp-json\/wp\/v2\/media?parent=29712"}],"wp:term":[{"taxonomy":"category","embeddable":true,"href":"https:\/\/blogdorogeriogomes.com.br\/noticias\/wp-json\/wp\/v2\/categories?post=29712"},{"taxonomy":"post_tag","embeddable":true,"href":"https:\/\/blogdorogeriogomes.com.br\/noticias\/wp-json\/wp\/v2\/tags?post=29712"}],"curies":[{"name":"wp","href":"https:\/\/api.w.org\/{rel}","templated":true}]}}