{"id":29715,"date":"2023-06-30T17:35:22","date_gmt":"2023-06-30T17:35:22","guid":{"rendered":"https:\/\/blogdorogeriogomes.com.br\/?p=29715"},"modified":"2023-07-03T12:15:52","modified_gmt":"2023-07-03T12:15:52","slug":"inelegivel","status":"publish","type":"post","link":"https:\/\/blogdorogeriogomes.com.br\/noticias\/2023\/06\/inelegivel\/","title":{"rendered":"Ineleg\u00edvel!!!"},"content":{"rendered":"\n<p>O Tribunal Superior Eleitoral (TSE) decidiu nesta sexta-feira, dia 30 de junho, condenar Jair Bolsonaro (PL) por abuso de poder pol\u00edtico e uso indevido dos meios de comunica\u00e7\u00e3o. O ex-presidente est\u00e1 agora ineleg\u00edvel por oito anos e, portanto, n\u00e3o poder\u00e1 voltar a disputar elei\u00e7\u00f5es at\u00e9 2030.<\/p>\n\n\n\n<p>Jair Bolsonaro ainda tem outros processos a responder por desmandos cometidos quando foi presidente da Rep\u00fablica. Al\u00e9m da puni\u00e7\u00e3o eleitoral, o ex-presidente ainda poder\u00e1 ter problemas penais e terminar preso. <\/p>\n\n\n\n<figure class=\"wp-block-image size-full\"><img loading=\"lazy\" decoding=\"async\" width=\"642\" height=\"478\" src=\"https:\/\/blogdorogeriogomes.com.br\/wp-content\/uploads\/2023\/06\/images-46.jpeg\" alt=\"\" class=\"wp-image-29716\" srcset=\"https:\/\/blogdorogeriogomes.com.br\/noticias\/wp-content\/uploads\/2023\/06\/images-46.jpeg 642w, https:\/\/blogdorogeriogomes.com.br\/noticias\/wp-content\/uploads\/2023\/06\/images-46-300x223.jpeg 300w\" sizes=\"auto, (max-width: 642px) 100vw, 642px\" \/><\/figure>\n","protected":false},"excerpt":{"rendered":"<p>O Tribunal Superior Eleitoral (TSE) decidiu nesta sexta-feira, dia 30 de junho, condenar Jair Bolsonaro (PL) por abuso de poder pol\u00edtico e uso indevido dos meios de comunica\u00e7\u00e3o. O ex-presidente est\u00e1 agora ineleg\u00edvel por oito anos e, portanto, n\u00e3o poder\u00e1 voltar a disputar elei\u00e7\u00f5es at\u00e9 2030. Jair Bolsonaro ainda tem outros processos a responder por desmandos cometidos quando foi presidente da Rep\u00fablica. Al\u00e9m da puni\u00e7\u00e3o eleitoral, o ex-presidente ainda poder\u00e1 ter problemas penais e terminar preso.<\/p>\n","protected":false},"author":1,"featured_media":29716,"comment_status":"open","ping_status":"open","sticky":false,"template":"","format":"standard","meta":{"footnotes":""},"categories":[1],"tags":[],"class_list":["post-29715","post","type-post","status-publish","format-standard","has-post-thumbnail","hentry","category-noticias"],"_links":{"self":[{"href":"https:\/\/blogdorogeriogomes.com.br\/noticias\/wp-json\/wp\/v2\/posts\/29715","targetHints":{"allow":["GET"]}}],"collection":[{"href":"https:\/\/blogdorogeriogomes.com.br\/noticias\/wp-json\/wp\/v2\/posts"}],"about":[{"href":"https:\/\/blogdorogeriogomes.com.br\/noticias\/wp-json\/wp\/v2\/types\/post"}],"author":[{"embeddable":true,"href":"https:\/\/blogdorogeriogomes.com.br\/noticias\/wp-json\/wp\/v2\/users\/1"}],"replies":[{"embeddable":true,"href":"https:\/\/blogdorogeriogomes.com.br\/noticias\/wp-json\/wp\/v2\/comments?post=29715"}],"version-history":[{"count":1,"href":"https:\/\/blogdorogeriogomes.com.br\/noticias\/wp-json\/wp\/v2\/posts\/29715\/revisions"}],"predecessor-version":[{"id":29717,"href":"https:\/\/blogdorogeriogomes.com.br\/noticias\/wp-json\/wp\/v2\/posts\/29715\/revisions\/29717"}],"wp:featuredmedia":[{"embeddable":true,"href":"https:\/\/blogdorogeriogomes.com.br\/noticias\/wp-json\/wp\/v2\/media\/29716"}],"wp:attachment":[{"href":"https:\/\/blogdorogeriogomes.com.br\/noticias\/wp-json\/wp\/v2\/media?parent=29715"}],"wp:term":[{"taxonomy":"category","embeddable":true,"href":"https:\/\/blogdorogeriogomes.com.br\/noticias\/wp-json\/wp\/v2\/categories?post=29715"},{"taxonomy":"post_tag","embeddable":true,"href":"https:\/\/blogdorogeriogomes.com.br\/noticias\/wp-json\/wp\/v2\/tags?post=29715"}],"curies":[{"name":"wp","href":"https:\/\/api.w.org\/{rel}","templated":true}]}}