{"id":29721,"date":"2023-07-03T21:04:18","date_gmt":"2023-07-03T21:04:18","guid":{"rendered":"https:\/\/blogdorogeriogomes.com.br\/?p=29721"},"modified":"2023-07-04T15:56:33","modified_gmt":"2023-07-04T15:56:33","slug":"direcao-nacional-do-pdt-decide-intervir-no-ceara-cid-gomes-contesta-decisao-e-mantem-convocacao-do-diretorio-estadual","status":"publish","type":"post","link":"https:\/\/blogdorogeriogomes.com.br\/noticias\/2023\/07\/direcao-nacional-do-pdt-decide-intervir-no-ceara-cid-gomes-contesta-decisao-e-mantem-convocacao-do-diretorio-estadual\/","title":{"rendered":"Dire\u00e7\u00e3o nacional do PDT decide intervir no Cear\u00e1. Cid Gomes contesta decis\u00e3o e mant\u00e9m convoca\u00e7\u00e3o do diret\u00f3rio estadual"},"content":{"rendered":"\n<p>A reuni\u00e3o entre membros do diret\u00f3rio estadual do PDT cearense, em Bras\u00edlia, terminou com uma decis\u00e3o dr\u00e1stica. Foi decidida uma interven\u00e7\u00e3o nacional no diret\u00f3rio do PDT no Estado. A reuni\u00e3o teve a participa\u00e7\u00e3o do presidente estadual, Andr\u00e9 Figueiredo, que tamb\u00e9m est\u00e1 respondendo pela presid\u00eancia nacional de forma interina, e do senador Cid Gomes, que tenta assumir o comando do PDT cearense.<\/p>\n\n\n\n<p>A interven\u00e7\u00e3o nacional visa impedir a convoca\u00e7\u00e3o de uma reuni\u00e3o extraordin\u00e1ria do PDT Cear\u00e1 na pr\u00f3xima sexta-feira, dia 7 de julho, a partir de mobiliza\u00e7\u00e3o de aliados do senador Cid Gomes que tentam destituir Andr\u00e9 Figueiredo da presid\u00eancia estadual.<\/p>\n\n\n\n<p>O pano de fundo de toda a disputa \u00e9 a inten\u00e7\u00e3o da ala de Cid Gomes em apoiar o governador Elmano de Freitas (PT) contra a ala de Andr\u00e9 Figueiredo que deseja o partido na oposi\u00e7\u00e3o.<\/p>\n\n\n\n<p>Apesar da decis\u00e3o do PDT nacional em intervir no Cear\u00e1, o senador Cid Gomes e aliados decidiram manter a reuni\u00e3o de sexta-feira para mudar o diret\u00f3rio estadual e retirar o deputado federal Andr\u00e9 Figueiredo da presid\u00eancia. Ao que parece, o caso vai parar na Justi\u00e7a.<\/p>\n\n\n\n<figure class=\"wp-block-image size-large\"><img loading=\"lazy\" decoding=\"async\" width=\"1024\" height=\"576\" src=\"https:\/\/blogdorogeriogomes.com.br\/wp-content\/uploads\/2023\/07\/cid-1-1024x576.webp\" alt=\"\" class=\"wp-image-29722\" srcset=\"https:\/\/blogdorogeriogomes.com.br\/noticias\/wp-content\/uploads\/2023\/07\/cid-1-1024x576.webp 1024w, https:\/\/blogdorogeriogomes.com.br\/noticias\/wp-content\/uploads\/2023\/07\/cid-1-300x169.webp 300w, https:\/\/blogdorogeriogomes.com.br\/noticias\/wp-content\/uploads\/2023\/07\/cid-1-768x432.webp 768w, https:\/\/blogdorogeriogomes.com.br\/noticias\/wp-content\/uploads\/2023\/07\/cid-1-800x450.webp 800w, https:\/\/blogdorogeriogomes.com.br\/noticias\/wp-content\/uploads\/2023\/07\/cid-1.webp 1280w\" sizes=\"auto, (max-width: 1024px) 100vw, 1024px\" \/><\/figure>\n\n\n\n<figure class=\"wp-block-image size-large\"><img loading=\"lazy\" decoding=\"async\" width=\"1024\" height=\"576\" src=\"https:\/\/blogdorogeriogomes.com.br\/wp-content\/uploads\/2023\/07\/andre-e-ciro-1024x576.jpeg\" alt=\"\" class=\"wp-image-29723\" srcset=\"https:\/\/blogdorogeriogomes.com.br\/noticias\/wp-content\/uploads\/2023\/07\/andre-e-ciro-1024x576.jpeg 1024w, https:\/\/blogdorogeriogomes.com.br\/noticias\/wp-content\/uploads\/2023\/07\/andre-e-ciro-300x169.jpeg 300w, https:\/\/blogdorogeriogomes.com.br\/noticias\/wp-content\/uploads\/2023\/07\/andre-e-ciro-768x432.jpeg 768w, https:\/\/blogdorogeriogomes.com.br\/noticias\/wp-content\/uploads\/2023\/07\/andre-e-ciro-800x450.jpeg 800w, https:\/\/blogdorogeriogomes.com.br\/noticias\/wp-content\/uploads\/2023\/07\/andre-e-ciro.jpeg 1280w\" sizes=\"auto, (max-width: 1024px) 100vw, 1024px\" \/><\/figure>\n","protected":false},"excerpt":{"rendered":"<p>A reuni\u00e3o entre membros do diret\u00f3rio estadual do PDT cearense, em Bras\u00edlia, terminou com uma decis\u00e3o dr\u00e1stica. Foi decidida uma interven\u00e7\u00e3o nacional no diret\u00f3rio do PDT no Estado. A reuni\u00e3o teve a participa\u00e7\u00e3o do presidente estadual, Andr\u00e9 Figueiredo, que tamb\u00e9m est\u00e1 respondendo pela presid\u00eancia nacional de forma interina, e do senador Cid Gomes, que tenta assumir o comando do PDT cearense. A interven\u00e7\u00e3o nacional visa impedir a convoca\u00e7\u00e3o de uma reuni\u00e3o extraordin\u00e1ria do PDT Cear\u00e1 na pr\u00f3xima sexta-feira, dia&hellip;<\/p>\n","protected":false},"author":1,"featured_media":29722,"comment_status":"open","ping_status":"open","sticky":false,"template":"","format":"standard","meta":{"footnotes":""},"categories":[1],"tags":[],"class_list":["post-29721","post","type-post","status-publish","format-standard","has-post-thumbnail","hentry","category-noticias"],"_links":{"self":[{"href":"https:\/\/blogdorogeriogomes.com.br\/noticias\/wp-json\/wp\/v2\/posts\/29721","targetHints":{"allow":["GET"]}}],"collection":[{"href":"https:\/\/blogdorogeriogomes.com.br\/noticias\/wp-json\/wp\/v2\/posts"}],"about":[{"href":"https:\/\/blogdorogeriogomes.com.br\/noticias\/wp-json\/wp\/v2\/types\/post"}],"author":[{"embeddable":true,"href":"https:\/\/blogdorogeriogomes.com.br\/noticias\/wp-json\/wp\/v2\/users\/1"}],"replies":[{"embeddable":true,"href":"https:\/\/blogdorogeriogomes.com.br\/noticias\/wp-json\/wp\/v2\/comments?post=29721"}],"version-history":[{"count":1,"href":"https:\/\/blogdorogeriogomes.com.br\/noticias\/wp-json\/wp\/v2\/posts\/29721\/revisions"}],"predecessor-version":[{"id":29724,"href":"https:\/\/blogdorogeriogomes.com.br\/noticias\/wp-json\/wp\/v2\/posts\/29721\/revisions\/29724"}],"wp:featuredmedia":[{"embeddable":true,"href":"https:\/\/blogdorogeriogomes.com.br\/noticias\/wp-json\/wp\/v2\/media\/29722"}],"wp:attachment":[{"href":"https:\/\/blogdorogeriogomes.com.br\/noticias\/wp-json\/wp\/v2\/media?parent=29721"}],"wp:term":[{"taxonomy":"category","embeddable":true,"href":"https:\/\/blogdorogeriogomes.com.br\/noticias\/wp-json\/wp\/v2\/categories?post=29721"},{"taxonomy":"post_tag","embeddable":true,"href":"https:\/\/blogdorogeriogomes.com.br\/noticias\/wp-json\/wp\/v2\/tags?post=29721"}],"curies":[{"name":"wp","href":"https:\/\/api.w.org\/{rel}","templated":true}]}}