{"id":29725,"date":"2023-07-04T00:18:09","date_gmt":"2023-07-04T00:18:09","guid":{"rendered":"https:\/\/blogdorogeriogomes.com.br\/?p=29725"},"modified":"2023-07-04T15:56:18","modified_gmt":"2023-07-04T15:56:18","slug":"governo-do-ceara-inaugura-vapt-vupt-no-centro-de-fortaleza","status":"publish","type":"post","link":"https:\/\/blogdorogeriogomes.com.br\/noticias\/2023\/07\/governo-do-ceara-inaugura-vapt-vupt-no-centro-de-fortaleza\/","title":{"rendered":"Governo do Cear\u00e1 inaugura Vapt Vupt no Centro de Fortaleza"},"content":{"rendered":"\n<p>O Governo do Cear\u00e1 entregou nesta segunda-feira, dia 3 de julho, a nova unidade do Vapt Vupt, que est\u00e1 localizada no primeiro piso do Shopping Central, no Centro de Fortaleza. A inaugura\u00e7\u00e3o contou com as presen\u00e7as do governador Elmano de Freitas; da secret\u00e1ria da Prote\u00e7\u00e3o Social, On\u00e9lia Santana; do secret\u00e1rio do Trabalho, Vladyson Viana; do presidente da C\u00e2mara dos Dirigentes Lojistas de Fortaleza, Assis Cavalcante; e de outras autoridades.<\/p>\n\n\n\n<p>O novo Vapt Vupt tem uma \u00e1rea de 1.024 metros quadrados e capacidade de atendimento de mais de duas mil pessoas por dia. O funcionamento ser\u00e1 de segunda-feira a sexta-feira, das 8h \u00e0s 17h, integrando diversas institui\u00e7\u00f5es e servi\u00e7os. Todo o atendimento \u00e9 feito mediante o agendamento.<\/p>\n\n\n\n<figure class=\"wp-block-image size-large\"><img loading=\"lazy\" decoding=\"async\" width=\"1024\" height=\"683\" src=\"https:\/\/blogdorogeriogomes.com.br\/wp-content\/uploads\/2023\/07\/230702_INAUG-VAPT-VUPT-CENTRO-FORTALEZA_HS6424-1200x800-1-1024x683.jpg\" alt=\"\" class=\"wp-image-29726\" srcset=\"https:\/\/blogdorogeriogomes.com.br\/noticias\/wp-content\/uploads\/2023\/07\/230702_INAUG-VAPT-VUPT-CENTRO-FORTALEZA_HS6424-1200x800-1-1024x683.jpg 1024w, https:\/\/blogdorogeriogomes.com.br\/noticias\/wp-content\/uploads\/2023\/07\/230702_INAUG-VAPT-VUPT-CENTRO-FORTALEZA_HS6424-1200x800-1-300x200.jpg 300w, https:\/\/blogdorogeriogomes.com.br\/noticias\/wp-content\/uploads\/2023\/07\/230702_INAUG-VAPT-VUPT-CENTRO-FORTALEZA_HS6424-1200x800-1-768x512.jpg 768w, https:\/\/blogdorogeriogomes.com.br\/noticias\/wp-content\/uploads\/2023\/07\/230702_INAUG-VAPT-VUPT-CENTRO-FORTALEZA_HS6424-1200x800-1-800x533.jpg 800w, https:\/\/blogdorogeriogomes.com.br\/noticias\/wp-content\/uploads\/2023\/07\/230702_INAUG-VAPT-VUPT-CENTRO-FORTALEZA_HS6424-1200x800-1.jpg 1200w\" sizes=\"auto, (max-width: 1024px) 100vw, 1024px\" \/><\/figure>\n","protected":false},"excerpt":{"rendered":"<p>O Governo do Cear\u00e1 entregou nesta segunda-feira, dia 3 de julho, a nova unidade do Vapt Vupt, que est\u00e1 localizada no primeiro piso do Shopping Central, no Centro de Fortaleza. A inaugura\u00e7\u00e3o contou com as presen\u00e7as do governador Elmano de Freitas; da secret\u00e1ria da Prote\u00e7\u00e3o Social, On\u00e9lia Santana; do secret\u00e1rio do Trabalho, Vladyson Viana; do presidente da C\u00e2mara dos Dirigentes Lojistas de Fortaleza, Assis Cavalcante; e de outras autoridades. O novo Vapt Vupt tem uma \u00e1rea de 1.024 metros&hellip;<\/p>\n","protected":false},"author":1,"featured_media":29726,"comment_status":"open","ping_status":"open","sticky":false,"template":"","format":"standard","meta":{"footnotes":""},"categories":[1],"tags":[],"class_list":["post-29725","post","type-post","status-publish","format-standard","has-post-thumbnail","hentry","category-noticias"],"_links":{"self":[{"href":"https:\/\/blogdorogeriogomes.com.br\/noticias\/wp-json\/wp\/v2\/posts\/29725","targetHints":{"allow":["GET"]}}],"collection":[{"href":"https:\/\/blogdorogeriogomes.com.br\/noticias\/wp-json\/wp\/v2\/posts"}],"about":[{"href":"https:\/\/blogdorogeriogomes.com.br\/noticias\/wp-json\/wp\/v2\/types\/post"}],"author":[{"embeddable":true,"href":"https:\/\/blogdorogeriogomes.com.br\/noticias\/wp-json\/wp\/v2\/users\/1"}],"replies":[{"embeddable":true,"href":"https:\/\/blogdorogeriogomes.com.br\/noticias\/wp-json\/wp\/v2\/comments?post=29725"}],"version-history":[{"count":1,"href":"https:\/\/blogdorogeriogomes.com.br\/noticias\/wp-json\/wp\/v2\/posts\/29725\/revisions"}],"predecessor-version":[{"id":29727,"href":"https:\/\/blogdorogeriogomes.com.br\/noticias\/wp-json\/wp\/v2\/posts\/29725\/revisions\/29727"}],"wp:featuredmedia":[{"embeddable":true,"href":"https:\/\/blogdorogeriogomes.com.br\/noticias\/wp-json\/wp\/v2\/media\/29726"}],"wp:attachment":[{"href":"https:\/\/blogdorogeriogomes.com.br\/noticias\/wp-json\/wp\/v2\/media?parent=29725"}],"wp:term":[{"taxonomy":"category","embeddable":true,"href":"https:\/\/blogdorogeriogomes.com.br\/noticias\/wp-json\/wp\/v2\/categories?post=29725"},{"taxonomy":"post_tag","embeddable":true,"href":"https:\/\/blogdorogeriogomes.com.br\/noticias\/wp-json\/wp\/v2\/tags?post=29725"}],"curies":[{"name":"wp","href":"https:\/\/api.w.org\/{rel}","templated":true}]}}